{"id":6643,"date":"2021-02-07T22:18:36","date_gmt":"2021-02-07T21:18:36","guid":{"rendered":"http:\/\/zuzanahabanova.com\/?p=6643"},"modified":"2025-04-13T11:49:56","modified_gmt":"2025-04-13T10:49:56","slug":"ktery-z-azorskych-ostrovu-je-nejrozmanitejsi","status":"publish","type":"post","link":"https:\/\/zuzanahabanova.com\/about\/ktery-z-azorskych-ostrovu-je-nejrozmanitejsi\/","title":{"rendered":"\u010cAROKR\u00c1SN\u00c9 AZORY (1) &#8211; SAO MIGUEL (ZELEN\u00dd OSTROV)"},"content":{"rendered":"<p><span style=\"font-family: verdana, geneva, sans-serif; font-size: 20px;\">Pokud se chyst\u00e1te na \u010darokr\u00e1sn\u00e9 Azory, v\u0159ele doporu\u010duji za\u010d\u00edt pr\u00e1v\u011b na ostrov\u011b <strong>Sao Miguel<\/strong>. Je toti\u017e nejrozmanit\u011bj\u0161\u00ed, ohromn\u011b zelen\u00fd, pln\u00fd jezern\u00edch caldeir, term\u00e1ln\u00edch koupadel a modr\u00fdch hortenzi\u00ed.<\/span><!--more--><\/p>\n<p><span style=\"font-family: verdana, geneva, sans-serif; font-size: 20px; color: #a52a2a;\"><em>*vysunovac\u00ed pozn\u00e1mky, kter\u00e9 se zobraz\u00ed p\u0159ejet\u00edm my\u0161\u00ed, u mobilu klepnut\u00edm na slovo<\/em><\/span><\/p>\n<figure id=\"attachment_6662\" aria-describedby=\"caption-attachment-6662\" style=\"width: 644px\" class=\"wp-caption aligncenter\"><a href=\"http:\/\/zuzanahabanova.com\/wp-content\/uploads\/2021\/02\/01.jpg\" target=\"_blank\" rel=\"noopener\"><img loading=\"lazy\" decoding=\"async\" class=\"wp-image-6662 size-large\" src=\"http:\/\/zuzanahabanova.com\/wp-content\/uploads\/2021\/02\/01-644x388.jpg\" alt=\"\" width=\"644\" height=\"388\" srcset=\"https:\/\/zuzanahabanova.com\/wp-content\/uploads\/2021\/02\/01-644x388.jpg 644w, https:\/\/zuzanahabanova.com\/wp-content\/uploads\/2021\/02\/01-300x181.jpg 300w, https:\/\/zuzanahabanova.com\/wp-content\/uploads\/2021\/02\/01-768x463.jpg 768w, https:\/\/zuzanahabanova.com\/wp-content\/uploads\/2021\/02\/01-600x362.jpg 600w, https:\/\/zuzanahabanova.com\/wp-content\/uploads\/2021\/02\/01.jpg 800w\" sizes=\"auto, (max-width: 644px) 100vw, 644px\" \/><\/a><figcaption id=\"caption-attachment-6662\" class=\"wp-caption-text\"><span style=\"font-family: verdana, geneva, sans-serif; font-size: 16px;\">Sao Miguel le\u017e\u00ed ve v\u00fdchodn\u00ed \u010d\u00e1sti Azorsk\u00fdch ostrov\u016f<\/span><\/figcaption><\/figure>\n<p>&nbsp;<\/p>\n<p><span style=\"font-family: verdana, geneva, sans-serif; font-size: 20px;\">Nejv\u011bt\u0161\u00ed, nejlidnat\u011bj\u0161\u00ed a nejnav\u0161t\u011bvovan\u011bj\u0161\u00ed z Azorsk\u00fdch ostrov\u016f. To by v\u00e1s ale nem\u011blo odradit, proto\u017ee turist\u016f tu stejn\u011b moc nepotk\u00e1te. Nach\u00e1z\u00ed se ve v\u00fdchodn\u00ed \u010d\u00e1sti souostrov\u00ed, na rozloze 750 km<sup>2<\/sup> \u017eije 140 000 obyvatel. V hlavn\u00edm m\u011bst\u011b Ponta Delgada s\u00eddl\u00ed azorsk\u00e1 vl\u00e1da a d\u016fle\u017eit\u00e9 instituce. Hodiny ukazuj\u00ed o dv\u011b hodiny m\u00e9n\u011b ne\u017e v \u010cesku (v Portugalsku jen o jednu m\u00e9n\u011b). A pokud se chyt\u00e1te za kr\u00e1sn\u00fdmi hortenziemi, ty nejv\u00edce kvetou od konce kv\u011btna do z\u00e1\u0159\u00ed. Ka\u017ed\u00fd z ostrov\u016f m\u00e1 svou barvu, Sao Miguel je naz\u00fdv\u00e1m zelen\u00fdm. Na severoz\u00e1pad\u011b souostrov\u00ed se na nach\u00e1z\u00ed je\u0161t\u011b mnohem zelen\u011bj\u0161\u00ed Flores, nicm\u00e9n\u011b Sao Miguel je ur\u010dit\u011b ze v\u0161ech nejrozmanit\u011bj\u0161\u00ed.&nbsp;<\/span><\/p>\n<p>&nbsp;<\/p>\n<p><span style=\"text-decoration: underline;\"><span style=\"font-size: 24px;\"><strong><span style=\"font-family: verdana, geneva, sans-serif;\">DOPRAVA<\/span><\/strong><\/span><\/span><\/p>\n<figure id=\"attachment_6499\" aria-describedby=\"caption-attachment-6499\" style=\"width: 644px\" class=\"wp-caption aligncenter\"><a href=\"http:\/\/zuzanahabanova.com\/wp-content\/uploads\/2020\/10\/IMG_20201006_084709.jpg\" target=\"_blank\" rel=\"noopener\"><img loading=\"lazy\" decoding=\"async\" class=\"wp-image-6499 size-large\" src=\"http:\/\/zuzanahabanova.com\/wp-content\/uploads\/2020\/10\/IMG_20201006_084709-644x296.jpg\" alt=\"\" width=\"644\" height=\"296\" srcset=\"https:\/\/zuzanahabanova.com\/wp-content\/uploads\/2020\/10\/IMG_20201006_084709-644x296.jpg 644w, https:\/\/zuzanahabanova.com\/wp-content\/uploads\/2020\/10\/IMG_20201006_084709-300x138.jpg 300w, https:\/\/zuzanahabanova.com\/wp-content\/uploads\/2020\/10\/IMG_20201006_084709-768x353.jpg 768w, https:\/\/zuzanahabanova.com\/wp-content\/uploads\/2020\/10\/IMG_20201006_084709-600x276.jpg 600w, https:\/\/zuzanahabanova.com\/wp-content\/uploads\/2020\/10\/IMG_20201006_084709.jpg 1280w\" sizes=\"auto, (max-width: 644px) 100vw, 644px\" \/><\/a><figcaption id=\"caption-attachment-6499\" class=\"wp-caption-text\"><span style=\"font-family: verdana, geneva, sans-serif; font-size: 16px;\">SATA je jedin\u00e1 spole\u010dnost l\u00e9taj\u00edc\u00ed mezi jednotliv\u00fdmi ostrovy<\/span><\/figcaption><\/figure>\n<p>&nbsp;<\/p>\n<p><span style=\"font-family: verdana, geneva, sans-serif; font-size: 20px;\">Na nejfrekventovan\u011bj\u0161\u00ed azorsk\u00e9 leti\u0161t\u011b u Ponta Delgada l\u00e9t\u00e1 nej\u010dast\u011bji z Lisabonu a Porta spole\u010dnost <a href=\"https:\/\/www.azoresairlines.pt\/en\" target=\"_blank\" rel=\"noopener\">SATA (Azores Airlines <\/a>a TAP. Levn\u00fd Ryanair m\u00e1 pr\u00fd od \u0159\u00edjna 2023 p\u0159estat l\u00e9tat &#8211; v jedn\u00e1n\u00ed. Jedin\u00e1 SATA m\u00e1 v cen\u011b letenky i odbaven\u00e9 zavazadlo (23 kg) a l\u00e9t\u00e1 mezi ostatn\u00edmi ostrovy. P\u0159ed covidem jezdily okru\u017en\u00ed lod\u011b mezi ostatn\u00edmi ostrovy, do roku 2023 ale nebyly obnoveny. Lodn\u00ed j\u00edzdn\u00ed \u0159\u00e1dy najdete zde: <a href=\"https:\/\/www.atlanticoline.pt\/tarifa\/pack-familia\/\" target=\"_blank\" rel=\"noopener\">ATLANTICOLINE.PT<\/a>,&nbsp; <a href=\"https:\/\/www.directferries.com\/atlanticoline.htm\" target=\"_blank\" rel=\"noopener\">Directferries.com.<\/a><\/span><\/p>\n<figure id=\"attachment_6527\" aria-describedby=\"caption-attachment-6527\" style=\"width: 644px\" class=\"wp-caption aligncenter\"><a href=\"http:\/\/zuzanahabanova.com\/wp-content\/uploads\/2020\/10\/IMG_20200928_211226-scaled.jpg\" target=\"_blank\" rel=\"noopener\"><img loading=\"lazy\" decoding=\"async\" class=\"wp-image-6527 size-large\" src=\"http:\/\/zuzanahabanova.com\/wp-content\/uploads\/2020\/10\/IMG_20200928_211226-644x296.jpg\" alt=\"\" width=\"644\" height=\"296\" srcset=\"https:\/\/zuzanahabanova.com\/wp-content\/uploads\/2020\/10\/IMG_20200928_211226-644x296.jpg 644w, https:\/\/zuzanahabanova.com\/wp-content\/uploads\/2020\/10\/IMG_20200928_211226-300x138.jpg 300w, https:\/\/zuzanahabanova.com\/wp-content\/uploads\/2020\/10\/IMG_20200928_211226-768x353.jpg 768w, https:\/\/zuzanahabanova.com\/wp-content\/uploads\/2020\/10\/IMG_20200928_211226-600x276.jpg 600w, https:\/\/zuzanahabanova.com\/wp-content\/uploads\/2020\/10\/IMG_20200928_211226-1536x707.jpg 1536w, https:\/\/zuzanahabanova.com\/wp-content\/uploads\/2020\/10\/IMG_20200928_211226-2048x942.jpg 2048w\" sizes=\"auto, (max-width: 644px) 100vw, 644px\" \/><\/a><figcaption id=\"caption-attachment-6527\" class=\"wp-caption-text\"><span style=\"font-family: verdana, geneva, sans-serif; font-size: 16px;\">P\u0159\u00edstav v Ponta Delgada<\/span><\/figcaption><\/figure>\n<p>&nbsp;<\/p>\n<p><span style=\"font-family: verdana, geneva, sans-serif; font-size: 20px;\">Jednozna\u010dn\u011b nejv\u00fdhodn\u011bj\u0161\u00ed dopravou po ostrov\u011b je auto. N\u00ed\u017ee v r\u00e1me\u010dku uv\u00e1d\u00edm kontakt na levn\u00e9 p\u016fj\u010den\u00ed a spoustu zaj\u00edmav\u00fdch rad. <\/span><span style=\"font-family: verdana, geneva, sans-serif; font-size: 20px;\">Pokud ale nejste \u0159idi\u010di jako my, nezoufejte. Autobusy z Ponta Delgada jezd\u00ed do ostatn\u00edch m\u011bst minim\u00e1ln\u011b 2x denn\u011b. Aktu\u00e1ln\u00ed j\u00edzdn\u00ed \u0159\u00e1d dostanete v turistick\u00fdch informac\u00edch na leti\u0161ti nebo na n\u00e1b\u0159e\u017e\u00ed v Ponta Delgada, u kter\u00e9 jsou v\u0161echny zast\u00e1vky. Dal\u0161\u00ed mo\u017enost\u00ed je taxi nebo v\u00fdlety s agenturou.&nbsp;<\/span><\/p>\n<p><span style=\"font-family: verdana, geneva, sans-serif; font-size: 20px;\">Z leti\u0161t\u011b jezd\u00ed do centra Ponta Delgady autobus, \u010das odjezdu v\u00e1m porad\u00ed na informac\u00edch.&nbsp;<\/span><\/p>\n<div class=\"su-note\"  style=\"border-color:#e5e500;\"><div class=\"su-note-inner su-u-clearfix su-u-trim\" style=\"background-color:#FFFF00;border-color:#ffffcc;color:#000000;\"><span style=\"font-family: 'comic sans ms', sans-serif; font-size: 20px;\"><strong><span style=\"text-decoration: underline;\"><span style=\"font-size: 28px;\">SUPER TIP!!!<\/span><\/span><\/strong>&nbsp;<\/span><\/p>\n<ul style=\"list-style-type: square;\">\n<li><span style=\"font-family: 'comic sans ms', sans-serif; font-size: 20px;\"><a href=\"https:\/\/zuzanahabanova.com\/wp-content\/uploads\/2021\/02\/AUTA.jpg\" target=\"_blank\" rel=\"noopener\"><img loading=\"lazy\" decoding=\"async\" class=\"alignright wp-image-8587 size-medium\" src=\"https:\/\/zuzanahabanova.com\/wp-content\/uploads\/2021\/02\/AUTA-176x300.jpg\" alt=\"\" width=\"176\" height=\"300\" srcset=\"https:\/\/zuzanahabanova.com\/wp-content\/uploads\/2021\/02\/AUTA-176x300.jpg 176w, https:\/\/zuzanahabanova.com\/wp-content\/uploads\/2021\/02\/AUTA.jpg 562w\" sizes=\"auto, (max-width: 176px) 100vw, 176px\" \/><\/a>Turist\u00e9 si chv\u00e1l\u00ed nap\u0159. p\u016fj\u010dovnu Way2Azors, kde v r. 2023 necht\u011bli kreditku, sami nab\u00edzeli platbu z\u00e1lohy debetn\u00ed kartou (i kdy\u017e v podm\u00ednk\u00e1ch ji napsanou maj\u00ed). <\/span><\/li>\n<li>d\u00e1le je mo\u017en\u00e9 si p\u016fj\u010den\u00ed auta domluvit u Sandry (v angli\u010dtin\u011b), ozv\u011bte se j\u00ed p\u0159ed WhatsApp +351 938 607 200, \u0159ekn\u011bte, \u017ee jste od Luk\u00e1\u0161e ze Slovenska (kter\u00fd tu dlouho \u017eil) a ona v\u00e1m za\u0161le nab\u00eddku aut.<\/li>\n<li>zde m\u016f\u017eete naj\u00edt itiner\u00e1\u0159 a pokud jsou, tak i n\u00e1hodn\u00e9 akce na letenky na Azory:&nbsp;<a href=\"https:\/\/www.letenkyzababku.sk\/itinerar-sao-miguel-azorske-ostrovy\/?fbclid=IwAR1zYLL8cgADsH-q_Mj_sgN7AIEbtQfI6c0560MM9ij8lU3ZOPEUsUDNz18\" target=\"_blank\" rel=\"noopener\">https:\/\/www.letenkyzababku.sk\/itinerar-sao-miguel-azorske-ostrovy\/?fbclid=IwAR1zYLL8cgADsH-q_Mj_sgN7AIEbtQfI6c0560MM9ij8lU3ZOPEUsUDNz18<\/a><\/li>\n<\/ul>\n<\/div><\/div>\n<p>&nbsp;<\/p>\n<p><span style=\"text-decoration: underline;\"><span style=\"font-size: 24px;\"><strong><span style=\"font-family: verdana, geneva, sans-serif;\">UBYTOV\u00c1N\u00cd<\/span><\/strong><\/span><\/span><\/p>\n<figure id=\"attachment_6523\" aria-describedby=\"caption-attachment-6523\" style=\"width: 644px\" class=\"wp-caption aligncenter\"><a href=\"http:\/\/zuzanahabanova.com\/wp-content\/uploads\/2020\/10\/na.jpg\" target=\"_blank\" rel=\"noopener\"><img loading=\"lazy\" decoding=\"async\" class=\"wp-image-6523 size-large\" src=\"http:\/\/zuzanahabanova.com\/wp-content\/uploads\/2020\/10\/na-644x296.jpg\" alt=\"\" width=\"644\" height=\"296\" srcset=\"https:\/\/zuzanahabanova.com\/wp-content\/uploads\/2020\/10\/na-644x296.jpg 644w, https:\/\/zuzanahabanova.com\/wp-content\/uploads\/2020\/10\/na-300x138.jpg 300w, https:\/\/zuzanahabanova.com\/wp-content\/uploads\/2020\/10\/na-768x353.jpg 768w, https:\/\/zuzanahabanova.com\/wp-content\/uploads\/2020\/10\/na-600x276.jpg 600w, https:\/\/zuzanahabanova.com\/wp-content\/uploads\/2020\/10\/na.jpg 1280w\" sizes=\"auto, (max-width: 644px) 100vw, 644px\" \/><\/a><figcaption id=\"caption-attachment-6523\" class=\"wp-caption-text\"><span style=\"font-family: verdana, geneva, sans-serif; font-size: 16px;\">Rozkvetl\u00fd vstup do usedlosti ve Furnas<\/span><\/figcaption><\/figure>\n<p>&nbsp;<\/p>\n<p><span style=\"font-family: verdana, geneva, sans-serif; font-size: 20px;\">Pokud m\u00e1te auto, nejv\u00fdhodn\u011bj\u0161\u00ed je ubytovat se v centru ostrova (nap\u0159. Furnas). V\u0161ude to pak budete m\u00edt kousek. Bez auta se vyplat\u00ed v\u011bt\u0161\u00ed m\u011bsto (nap\u0159. Ponta Delgada, Ribeira Grande, Furnas), odkud jezd\u00ed autobusy, jsou zde obchody a restaurace. My jsme bydleli v centru Ponta Delgada u n\u00e1m\u011bst\u00ed, a pak v n\u00e1dhern\u00e9 usedlosti <strong>Quinta de Santana &#8211; Queimadas<\/strong> ve Furnasu. Ubytov\u00e1n\u00ed v jak\u00e9koliv usedlosti (Quinta) je naprosto mimo\u0159\u00e1dn\u00fd z\u00e1\u017eitek. Prost\u0159ed\u00edm i lidmi. Ubytov\u00e1n\u00ed najdete na bookingu, airbnb, funguj\u00ed tu kempy. A nen\u00ed zrovna nejlevn\u011bj\u0161\u00ed. Kempy jsou slu\u0161n\u011b za\u0159\u00edzen\u00e9, u Sete Cidades byl v r. 2023, u Furnas 10 euro za 2 osoby.<\/span><\/p>\n<p>&nbsp;<\/p>\n<div class=\"su-note\"  style=\"border-color:#e5e576;\"><div class=\"su-note-inner su-u-clearfix su-u-trim\" style=\"background-color:#FFFF90;border-color:#ffffff;color:#000000;\">\n<ul style=\"list-style-type: square;\">\n<li><strong><span style=\"font-family: 'comic sans ms', sans-serif; font-size: 24px;\">TURISTICK\u00c9&nbsp;<a href=\"http:\/\/trails.visitazores.com\/en\/find-a-trail?field_island_term_tid=31&amp;field_difficulty_value=All&amp;field_extension_value=All&amp;field_category_value=All\" target=\"_blank\" rel=\"noopener\">STEZKY<\/a> PO OSTROV\u011a<\/span><\/strong><\/li>\n<li><strong><span style=\"font-family: 'comic sans ms', sans-serif; font-size: 24px;\">NEJZ\u00c1BAVN\u011aJ\u0160\u00cd VIDEO &#8211;&nbsp;<a href=\"https:\/\/www.youtube.com\/watch?v=dpnuVJvHZ4k&amp;t=16s\" target=\"_blank\" rel=\"noopener\">za\u017eij.to<\/a><\/span><\/strong> <\/div><\/div><\/li>\n<\/ul>\n<p>&nbsp;<\/p>\n<p><span style=\"text-decoration: underline; font-size: 28px;\"><strong><span style=\"font-family: verdana, geneva, sans-serif;\">NEJZAJ\u00cdMAV\u011aJ\u0160\u00cd M\u00cdSTA<\/span><\/strong><\/span><\/p>\n<figure id=\"attachment_6661\" aria-describedby=\"caption-attachment-6661\" style=\"width: 644px\" class=\"wp-caption aligncenter\"><a href=\"http:\/\/zuzanahabanova.com\/wp-content\/uploads\/2021\/02\/03sao-miguel-mapa.jpg\" target=\"_blank\" rel=\"noopener\"><img loading=\"lazy\" decoding=\"async\" class=\"wp-image-6661 size-large\" src=\"http:\/\/zuzanahabanova.com\/wp-content\/uploads\/2021\/02\/03sao-miguel-mapa-644x308.jpg\" alt=\"\" width=\"644\" height=\"308\" srcset=\"https:\/\/zuzanahabanova.com\/wp-content\/uploads\/2021\/02\/03sao-miguel-mapa-644x308.jpg 644w, https:\/\/zuzanahabanova.com\/wp-content\/uploads\/2021\/02\/03sao-miguel-mapa-300x144.jpg 300w, https:\/\/zuzanahabanova.com\/wp-content\/uploads\/2021\/02\/03sao-miguel-mapa-768x367.jpg 768w, https:\/\/zuzanahabanova.com\/wp-content\/uploads\/2021\/02\/03sao-miguel-mapa-600x287.jpg 600w, https:\/\/zuzanahabanova.com\/wp-content\/uploads\/2021\/02\/03sao-miguel-mapa.jpg 972w\" sizes=\"auto, (max-width: 644px) 100vw, 644px\" \/><\/a><figcaption id=\"caption-attachment-6661\" class=\"wp-caption-text\"><span style=\"font-family: verdana, geneva, sans-serif; font-size: 16px;\">Nejzaj\u00edmav\u011bj\u0161\u00ed m\u00edsta na ostrov\u011b Sao Miguel<\/span><\/figcaption><\/figure>\n<p>&nbsp;<\/p>\n<p><span style=\"font-family: verdana, geneva, sans-serif; font-size: 20px;\">Sao Miguel jsme (s ostrovy Flores a Faial) nav\u0161t\u00edvili na p\u0159elomu z\u00e1\u0159\u00ed\/\u0159\u00edjna 2020. Do Lisabonu jsme let\u011bli s TAP, na druh\u00fd den s Ryanairem do Ponta Delgada (900 K\u010d\/1 letenka + 20 kg zavazadlo nap\u016fl). Na pob\u0159e\u017e\u00ed bylo teplo a slune\u010dno, ve vy\u0161\u0161\u00edch poloh\u00e1ch ale vl\u00e1dlo pro Azory typick\u00e9 \u201e\u010dty\u0159i ro\u010dn\u00ed obdob\u00ed b\u011bhem jednoho dne&#8220;. Po\u010das\u00ed se opravdu m\u011bnilo b\u011bhem p\u00e1r minut: d\u00e9\u0161\u0165-mlha-slunce-d\u00e9\u0161\u0165-mlha. A na chv\u00edli zase slunce. Nejm\u00e9n\u011b pr\u0161\u00ed v l\u00e9t\u011b, i tak tu stejn\u011b aspo\u0148 trochu zmoknete.<\/span><\/p>\n<p>&nbsp;<\/p>\n<p><span style=\"font-size: 28px;\"><strong><span style=\"text-decoration: underline;\"><span style=\"font-family: verdana, geneva, sans-serif;\">Z\u00c1PAD:<\/span><\/span><\/strong><\/span><\/p>\n<ul style=\"list-style-type: square;\">\n<li><span style=\"font-size: 24px;\"><strong>MOSTEIROS<\/strong><\/span><\/li>\n<\/ul>\n<figure id=\"attachment_6500\" aria-describedby=\"caption-attachment-6500\" style=\"width: 644px\" class=\"wp-caption aligncenter\"><a href=\"http:\/\/zuzanahabanova.com\/wp-content\/uploads\/2020\/10\/b.jpg\" target=\"_blank\" rel=\"noopener\"><img loading=\"lazy\" decoding=\"async\" class=\"wp-image-6500 size-large\" src=\"http:\/\/zuzanahabanova.com\/wp-content\/uploads\/2020\/10\/b-644x296.jpg\" alt=\"\" width=\"644\" height=\"296\" srcset=\"https:\/\/zuzanahabanova.com\/wp-content\/uploads\/2020\/10\/b-644x296.jpg 644w, https:\/\/zuzanahabanova.com\/wp-content\/uploads\/2020\/10\/b-300x138.jpg 300w, https:\/\/zuzanahabanova.com\/wp-content\/uploads\/2020\/10\/b-768x353.jpg 768w, https:\/\/zuzanahabanova.com\/wp-content\/uploads\/2020\/10\/b-600x276.jpg 600w, https:\/\/zuzanahabanova.com\/wp-content\/uploads\/2020\/10\/b.jpg 1280w\" sizes=\"auto, (max-width: 644px) 100vw, 644px\" \/><\/a><figcaption id=\"caption-attachment-6500\" class=\"wp-caption-text\"><span style=\"font-family: verdana, geneva, sans-serif; font-size: 16px;\">Sk\u00e1ly v Mosteiros<\/span><\/figcaption><\/figure>\n<p><span style=\"font-family: verdana, geneva, sans-serif; font-size: 20px;\">Pob\u0159e\u017en\u00ed m\u011bste\u010dko se zaj\u00edmav\u00fdmi skaln\u00edmi \u00fatvary v mo\u0159i. <em><strong>Doprava:<\/strong> 32 km severoz\u00e1padn\u011b od hlavn\u00edho m\u011bsta Ponta Delgada, odkud sem jezd\u00ed autobus. 11 km od Sete Cidades.<\/em><\/span><\/p>\nngg_shortcode_0_placeholder\n<ul style=\"list-style-type: square;\">\n<li><span style=\"font-family: verdana, geneva, sans-serif; font-size: 20px;\"><span style=\"font-size: 24px;\"><strong>SETE CIDADES<\/strong><\/span><\/span><\/li>\n<\/ul>\n<figure id=\"attachment_6776\" aria-describedby=\"caption-attachment-6776\" style=\"width: 644px\" class=\"wp-caption aligncenter\"><a href=\"http:\/\/zuzanahabanova.com\/wp-content\/uploads\/2021\/02\/01D.jpg\" target=\"_blank\" rel=\"noopener\"><img loading=\"lazy\" decoding=\"async\" class=\"wp-image-6776 size-large\" src=\"http:\/\/zuzanahabanova.com\/wp-content\/uploads\/2021\/02\/01D-644x296.jpg\" alt=\"\" width=\"644\" height=\"296\" srcset=\"https:\/\/zuzanahabanova.com\/wp-content\/uploads\/2021\/02\/01D-644x296.jpg 644w, https:\/\/zuzanahabanova.com\/wp-content\/uploads\/2021\/02\/01D-300x138.jpg 300w, https:\/\/zuzanahabanova.com\/wp-content\/uploads\/2021\/02\/01D-768x353.jpg 768w, https:\/\/zuzanahabanova.com\/wp-content\/uploads\/2021\/02\/01D-600x276.jpg 600w, https:\/\/zuzanahabanova.com\/wp-content\/uploads\/2021\/02\/01D.jpg 1125w\" sizes=\"auto, (max-width: 644px) 100vw, 644px\" \/><\/a><figcaption id=\"caption-attachment-6776\" class=\"wp-caption-text\"><span style=\"font-family: verdana, geneva, sans-serif; font-size: 16px;\">V\u00fdjime\u010dn\u00fd pohled na modr\u00e9 jezero<\/span><\/figcaption><\/figure>\n<p><span style=\"font-family: verdana, geneva, sans-serif; font-size: 20px;\">&nbsp;Ohromn\u00e1 caldeira (sope\u010dn\u00fd kr\u00e1ter) s <span id=\"su_tooltip_69f3b764b5b65_button\" class=\"su-tooltip-button su-tooltip-button-outline-yes\" aria-describedby=\"su_tooltip_69f3b764b5b65\" data-settings='{\"position\":\"top\",\"behavior\":\"hover\",\"hideDelay\":0}' tabindex=\"0\"><em><span style=\"color: #a52a2a;\">modr\u00fdm*<\/span><\/em><\/span><span style=\"display:none;z-index:100\" id=\"su_tooltip_69f3b764b5b65\" class=\"su-tooltip\" role=\"tooltip\"><span class=\"su-tooltip-inner su-tooltip-shadow-yes\" style=\"z-index:100;background:#FFFFFF;color:#333333;font-size:16px;border-radius:5px;text-align:left;max-width:300px;line-height:1.25\"><span class=\"su-tooltip-title\"><\/span><span class=\"su-tooltip-content su-u-trim\">Lagoa Azul<\/span><\/span><span id=\"su_tooltip_69f3b764b5b65_arrow\" class=\"su-tooltip-arrow\" style=\"z-index:100;background:#FFFFFF\" data-popper-arrow><\/span><\/span> a <span id=\"su_tooltip_69f3b764b5bef_button\" class=\"su-tooltip-button su-tooltip-button-outline-yes\" aria-describedby=\"su_tooltip_69f3b764b5bef\" data-settings='{\"position\":\"top\",\"behavior\":\"hover\",\"hideDelay\":0}' tabindex=\"0\"><em><span style=\"color: #a52a2a;\">zelen\u00fdm*<\/span><\/em><\/span><span style=\"display:none;z-index:100\" id=\"su_tooltip_69f3b764b5bef\" class=\"su-tooltip\" role=\"tooltip\"><span class=\"su-tooltip-inner su-tooltip-shadow-yes\" style=\"z-index:100;background:#FFFFFF;color:#333333;font-size:16px;border-radius:5px;text-align:left;max-width:300px;line-height:1.25\"><span class=\"su-tooltip-title\"><\/span><span class=\"su-tooltip-content su-u-trim\">Lagoa Verde<\/span><\/span><span id=\"su_tooltip_69f3b764b5bef_arrow\" class=\"su-tooltip-arrow\" style=\"z-index:100;background:#FFFFFF\" data-popper-arrow><\/span><\/span> jezerem na dn\u011b. Tvo\u0159\u00ed nejv\u011bt\u0161\u00ed vodn\u00ed <span id=\"su_tooltip_69f3b764b5c75_button\" class=\"su-tooltip-button su-tooltip-button-outline-yes\" aria-describedby=\"su_tooltip_69f3b764b5c75\" data-settings='{\"position\":\"top\",\"behavior\":\"hover\",\"hideDelay\":0}' tabindex=\"0\"><em><span style=\"color: #a52a2a;\">plochu*<\/span><\/em><\/span><span style=\"display:none;z-index:100\" id=\"su_tooltip_69f3b764b5c75\" class=\"su-tooltip\" role=\"tooltip\"><span class=\"su-tooltip-inner su-tooltip-shadow-yes\" style=\"z-index:100;background:#FFFFFF;color:#333333;font-size:16px;border-radius:5px;text-align:left;max-width:300px;line-height:1.25\"><span class=\"su-tooltip-title\"><\/span><span class=\"su-tooltip-content su-u-trim\">4,35 km<sup>2<\/sup><\/span><\/span><span id=\"su_tooltip_69f3b764b5c75_arrow\" class=\"su-tooltip-arrow\" style=\"z-index:100;background:#FFFFFF\" data-popper-arrow><\/span><\/span> na cel\u00fdch Azor\u00e1ch. M\u00edstn\u00ed legenda prav\u00ed, \u017ee vznikla ze slz zelenook\u00e9 princezny a modrook\u00e9ho past\u00fd\u0159e, jejich\u017e l\u00e1sce princeznin otec nep\u0159\u00e1l. Jezera rozd\u011bluje most vedouc\u00ed do malebn\u00e9 vesni\u010dky <strong>Sete Cidades<\/strong> s kr\u00e1sn\u00fdm neogotick\u00fdm kostelem. Vyfotit caldeiru bez mlhy je nadlidsk\u00fd v\u00fdkon, n\u00e1m se to na p\u00e1r sekund poda\u0159ilo! Nad kr\u00e1terem stoj\u00ed ruiny velkolep\u00e9ho projektu <strong>Monte Palace Hotel<\/strong>. Po slavnostn\u00edm otev\u0159en\u00ed a ocen\u011bn\u00ed nejlep\u0161\u00edho hotelu v Portugalsku (1990) zkrachoval. Mezi turisty obl\u00edben\u00fd <span id=\"su_tooltip_69f3b764b5cf4_button\" class=\"su-tooltip-button su-tooltip-button-outline-yes\" aria-describedby=\"su_tooltip_69f3b764b5cf4\" data-settings='{\"position\":\"top\",\"behavior\":\"hover\",\"hideDelay\":0}' tabindex=\"0\"><em><span style=\"color: #a52a2a;\">urbax*<\/span><\/em><\/span><span style=\"display:none;z-index:100\" id=\"su_tooltip_69f3b764b5cf4\" class=\"su-tooltip\" role=\"tooltip\"><span class=\"su-tooltip-inner su-tooltip-shadow-yes\" style=\"z-index:100;background:#FFFFFF;color:#333333;font-size:16px;border-radius:5px;text-align:left;max-width:300px;line-height:1.25\"><span class=\"su-tooltip-title\"><\/span><span class=\"su-tooltip-content su-u-trim\">Neleg\u00e1ln\u00ed prol\u00e9z\u00e1n\u00ed ruin<\/span><\/span><span id=\"su_tooltip_69f3b764b5cf4_arrow\" class=\"su-tooltip-arrow\" style=\"z-index:100;background:#FFFFFF\" data-popper-arrow><\/span><\/span> je ji\u017e zak\u00e1z\u00e1n, hotel pr\u00fd koupili \u010c\u00ed\u0148an\u00e9. Silnice do Sete Cidades jsou lemov\u00e1ny nekone\u010dn\u00fdmi hortenziemi s ob\u0159\u00edmi kv\u011bty. Mezi dal\u0161\u00ed azorsk\u00e9 kr\u00e1sky pat\u0159\u00ed z\u00e1zvorov\u00e1 lilie. <\/span><em><span style=\"font-family: verdana, geneva, sans-serif; font-size: 20px;\"><strong>Doprava:<\/strong> 29 km severoz\u00e1padn\u011b od Ponta Delgada, jezd\u00ed sem autobus. Auto, taxi.<\/span><\/em><\/p>\nngg_shortcode_1_placeholder\n<ul style=\"list-style-type: square;\">\n<li><strong><span style=\"font-family: verdana, geneva, sans-serif; font-size: 24px;\">MATA DO CAN\u00c1RIO <\/span><span style=\"font-family: verdana, geneva, sans-serif; font-size: 24px;\">&amp; <\/span><span style=\"font-family: verdana, geneva, sans-serif; font-size: 24px;\">BOCA DO INFERNO<\/span><\/strong><\/li>\n<\/ul>\n<figure id=\"attachment_6677\" aria-describedby=\"caption-attachment-6677\" style=\"width: 644px\" class=\"wp-caption aligncenter\"><a href=\"http:\/\/zuzanahabanova.com\/wp-content\/uploads\/2021\/02\/z.jpg\" target=\"_blank\" rel=\"noopener\"><img loading=\"lazy\" decoding=\"async\" class=\"wp-image-6677 size-large\" src=\"http:\/\/zuzanahabanova.com\/wp-content\/uploads\/2021\/02\/z-644x296.jpg\" alt=\"\" width=\"644\" height=\"296\" srcset=\"https:\/\/zuzanahabanova.com\/wp-content\/uploads\/2021\/02\/z-644x296.jpg 644w, https:\/\/zuzanahabanova.com\/wp-content\/uploads\/2021\/02\/z-300x138.jpg 300w, https:\/\/zuzanahabanova.com\/wp-content\/uploads\/2021\/02\/z-768x353.jpg 768w, https:\/\/zuzanahabanova.com\/wp-content\/uploads\/2021\/02\/z-600x276.jpg 600w, https:\/\/zuzanahabanova.com\/wp-content\/uploads\/2021\/02\/z.jpg 1280w\" sizes=\"auto, (max-width: 644px) 100vw, 644px\" \/><\/a><figcaption id=\"caption-attachment-6677\" class=\"wp-caption-text\"><span style=\"font-family: verdana, geneva, sans-serif; font-size: 16px;\">Nejfotogeni\u010dt\u011bj\u0161\u00ed vyhl\u00eddka Azor &#8211; bohu\u017eel v mlze<\/span><\/figcaption><\/figure>\n<p><span style=\"font-family: verdana, geneva, sans-serif; font-size: 20px;\">Po hran\u011b kr\u00e1teru Sete Cidades vede stezka <strong><a href=\"http:\/\/trails.visitazores.com\/en\/trails-azores\/sao-miguel\/mata-do-canario-sete-cidades\" target=\"_blank\" rel=\"noopener\">MATA DO CAN\u00c1RIO <\/a><\/strong> (12 km), odkud je p\u0159i dobr\u00e9m po\u010das\u00ed vid\u011bt i dal\u0161\u00ed kr\u00e1terov\u00e9 jez\u00edrko &#8211; Lagoa de Santiago. P\u00e1r kilometr\u016f od vyhl\u00eddky se nach\u00e1z\u00ed nejfotogeni\u010dt\u011bj\u0161\u00ed vyhl\u00eddka cel\u00fdch Azor &#8211; ikonick\u00e1 <strong>BOCA DO INFERNO<\/strong>. P\u0159i prvn\u00ed n\u00e1v\u0161t\u011bv\u011b v z\u00e1\u0159\u00ed 2020, dob\u011b covidu, jsme ob\u011b m\u00edsta m\u011bli v mlze, ale \u00fapln\u011b bez turist\u016f. O rok pozd\u011bji zalit\u00e9 sluncem, bohu\u017eel turist\u016f jako na V\u00e1clav\u00e1ku, co\u017e n\u00e1s nemile p\u0159ekvapilo. Z vyhl\u00eddky vede t\u011b\u017ek\u00e1 stezka pod\u00e9l levady (strouhy) neuv\u011b\u0159iteln\u011b bujnou vegetac\u00ed, p\u0159ipom\u00ednaj\u00edc\u00ed sp\u00ed\u0161e d\u017eungli ve Vietnamu ne\u017e Evropu. Dal\u0161\u00ed zaj\u00edmavou stezkou a vyhl\u00eddkou je <strong><a href=\"http:\/\/trails.visitazores.com\/en\/trails-azores\/sao-miguel\/vista-do-rei-sete-cidades%20\" target=\"_blank\" rel=\"noopener\">Miradouro da Vista do Rei&nbsp; <\/a><\/strong>(7,7 km). <\/span><em><span style=\"font-family: verdana, geneva, sans-serif; font-size: 20px;\"><strong>Doprava:<\/strong> 19 km severoz\u00e1padn\u011b od Ponta Delgada, jedin\u011b autem nebo taxi (20 \u20ac).<\/span><\/em><\/p>\nngg_shortcode_2_placeholder\n<p><span style=\"font-size: 28px;\"><strong><span style=\"font-family: verdana, geneva, sans-serif;\"><span style=\"text-decoration: underline;\">CENTR\u00c1LN\u00cd \u010c\u00c1ST:<\/span><\/span><\/strong><\/span><\/p>\n<ul style=\"list-style-type: square;\">\n<li><span style=\"font-family: verdana, geneva, sans-serif; font-size: 20px;\"><span style=\"font-size: 24px;\"><strong>PONTA DELGADA<\/strong><\/span><\/span><\/li>\n<\/ul>\n<figure id=\"attachment_6674\" aria-describedby=\"caption-attachment-6674\" style=\"width: 644px\" class=\"wp-caption aligncenter\"><a href=\"http:\/\/zuzanahabanova.com\/wp-content\/uploads\/2021\/02\/IMG_4491-scaled.jpg\" target=\"_blank\" rel=\"noopener\"><img loading=\"lazy\" decoding=\"async\" class=\"wp-image-6674 size-large\" src=\"http:\/\/zuzanahabanova.com\/wp-content\/uploads\/2021\/02\/IMG_4491-644x483.jpg\" alt=\"\" width=\"644\" height=\"483\" srcset=\"https:\/\/zuzanahabanova.com\/wp-content\/uploads\/2021\/02\/IMG_4491-644x483.jpg 644w, https:\/\/zuzanahabanova.com\/wp-content\/uploads\/2021\/02\/IMG_4491-300x225.jpg 300w, https:\/\/zuzanahabanova.com\/wp-content\/uploads\/2021\/02\/IMG_4491-768x576.jpg 768w, https:\/\/zuzanahabanova.com\/wp-content\/uploads\/2021\/02\/IMG_4491-600x450.jpg 600w, https:\/\/zuzanahabanova.com\/wp-content\/uploads\/2021\/02\/IMG_4491-1536x1152.jpg 1536w, https:\/\/zuzanahabanova.com\/wp-content\/uploads\/2021\/02\/IMG_4491-2048x1536.jpg 2048w\" sizes=\"auto, (max-width: 644px) 100vw, 644px\" \/><\/a><figcaption id=\"caption-attachment-6674\" class=\"wp-caption-text\"><span style=\"font-family: verdana, geneva, sans-serif; font-size: 16px;\">Centrum hlavn\u00edho m\u011bsta (Portas da Cidede de PD)<\/span><\/figcaption><\/figure>\n<p><span style=\"font-family: verdana, geneva, sans-serif; font-size: 20px;\">Hlavn\u00ed <span id=\"su_tooltip_69f3b764b5d99_button\" class=\"su-tooltip-button su-tooltip-button-outline-yes\" aria-describedby=\"su_tooltip_69f3b764b5d99\" data-settings='{\"position\":\"top\",\"behavior\":\"hover\",\"hideDelay\":0}' tabindex=\"0\"><em><span style=\"color: #a52a2a;\">m\u011bsto*<\/span><\/em><\/span><span style=\"display:none;z-index:100\" id=\"su_tooltip_69f3b764b5d99\" class=\"su-tooltip\" role=\"tooltip\"><span class=\"su-tooltip-inner su-tooltip-shadow-yes\" style=\"z-index:100;background:#FFFFFF;color:#333333;font-size:16px;border-radius:5px;text-align:left;max-width:300px;line-height:1.25\"><span class=\"su-tooltip-title\"><\/span><span class=\"su-tooltip-content su-u-trim\">69 000 obyvatel<\/span><\/span><span id=\"su_tooltip_69f3b764b5d99_arrow\" class=\"su-tooltip-arrow\" style=\"z-index:100;background:#FFFFFF\" data-popper-arrow><\/span><\/span> zaujme ka\u017ed\u00e9ho p\u0159edev\u0161\u00edm svou elegantn\u00ed \u010dernob\u00edlou architekturou. N\u00e1m\u011bst\u00ed, kostel, p\u0159\u00edstav, v\u0161e si projdete b\u011bhem chvilky p\u0159i nekone\u010dn\u00e9m svitu slun\u00ed\u010dka. V\u0159ele doporu\u010duji ve\u010de\u0159i v pivnici <strong>Cervejaria Portas da Cidade<\/strong> na n\u00e1m\u011bst\u00ed p\u0159\u00edmo naproti kostela. Nejen\u017ee se tu skv\u011ble naj\u00edte za kr\u00e1sn\u00fdch 7,5 \u20ac, je\u0161t\u011b k tomu se ohromn\u011b pobav\u00edte s neuv\u011b\u0159iteln\u011b z\u00e1bavn\u00fdm \u010d\u00ed\u0161n\u00edkem. Na toho nikdy nezapomenete. <\/span><\/p>\nngg_shortcode_3_placeholder\n<ul style=\"list-style-type: square;\">\n<li><span style=\"font-family: verdana, geneva, sans-serif; font-size: 20px;\"><strong><span style=\"font-size: 24px;\">ANANASOV\u00c9 PLANT\u00c1\u017dE ARRUDA<\/span><\/strong><\/span><\/li>\n<\/ul>\n<figure id=\"attachment_6675\" aria-describedby=\"caption-attachment-6675\" style=\"width: 644px\" class=\"wp-caption aligncenter\"><a href=\"http:\/\/zuzanahabanova.com\/wp-content\/uploads\/2021\/02\/IMG_20200927_205820.jpg\" target=\"_blank\" rel=\"noopener\"><img loading=\"lazy\" decoding=\"async\" class=\"wp-image-6675 size-large\" src=\"http:\/\/zuzanahabanova.com\/wp-content\/uploads\/2021\/02\/IMG_20200927_205820-644x296.jpg\" alt=\"\" width=\"644\" height=\"296\" srcset=\"https:\/\/zuzanahabanova.com\/wp-content\/uploads\/2021\/02\/IMG_20200927_205820-644x296.jpg 644w, https:\/\/zuzanahabanova.com\/wp-content\/uploads\/2021\/02\/IMG_20200927_205820-300x138.jpg 300w, https:\/\/zuzanahabanova.com\/wp-content\/uploads\/2021\/02\/IMG_20200927_205820-768x353.jpg 768w, https:\/\/zuzanahabanova.com\/wp-content\/uploads\/2021\/02\/IMG_20200927_205820-600x276.jpg 600w, https:\/\/zuzanahabanova.com\/wp-content\/uploads\/2021\/02\/IMG_20200927_205820.jpg 1280w\" sizes=\"auto, (max-width: 644px) 100vw, 644px\" \/><\/a><figcaption id=\"caption-attachment-6675\" class=\"wp-caption-text\"><span style=\"font-family: verdana, geneva, sans-serif; font-size: 16px;\">Sklen\u00edkov\u00e9 ananasov\u00e9 plant\u00e1\u017ee<\/span><\/figcaption><\/figure>\n<p><span style=\"font-family: verdana, geneva, sans-serif; font-size: 20px;\">Jedin\u00e9 sklen\u00edkov\u00e9 plant\u00e1\u017ee ananasu v Evrop\u011b. Velmi sladk\u00e9 plody jsou ur\u010deny pouze pro m\u00edstn\u00ed trh. Po neplacen\u00e9 prohl\u00eddce si m\u016f\u017eete v suven\u00fdrech nakoupit ananasov\u00fd lik\u00e9r, marmel\u00e1dy, \u010datn\u00ed a jin\u00e9 produkty. <em><strong>Doprava:<\/strong> 5,5 km severov\u00fdchodn\u011b od Ponta Delgada, autem \u010di taxi.<\/em><\/span><\/p>\n<ul style=\"list-style-type: square;\">\n<li><span style=\"font-family: verdana, geneva, sans-serif; font-size: 20px;\"><span style=\"font-size: 24px;\"><strong>R<\/strong><strong>IBEIRA GRANDE<\/strong><\/span><\/span><\/li>\n<\/ul>\n<figure id=\"attachment_6777\" aria-describedby=\"caption-attachment-6777\" style=\"width: 644px\" class=\"wp-caption aligncenter\"><a href=\"http:\/\/zuzanahabanova.com\/wp-content\/uploads\/2021\/02\/06-scaled.jpg\" target=\"_blank\" rel=\"noopener\"><img loading=\"lazy\" decoding=\"async\" class=\"wp-image-6777 size-large\" src=\"http:\/\/zuzanahabanova.com\/wp-content\/uploads\/2021\/02\/06-644x296.jpg\" alt=\"\" width=\"644\" height=\"296\" srcset=\"https:\/\/zuzanahabanova.com\/wp-content\/uploads\/2021\/02\/06-644x296.jpg 644w, https:\/\/zuzanahabanova.com\/wp-content\/uploads\/2021\/02\/06-300x138.jpg 300w, https:\/\/zuzanahabanova.com\/wp-content\/uploads\/2021\/02\/06-768x353.jpg 768w, https:\/\/zuzanahabanova.com\/wp-content\/uploads\/2021\/02\/06-600x276.jpg 600w, https:\/\/zuzanahabanova.com\/wp-content\/uploads\/2021\/02\/06-1536x706.jpg 1536w, https:\/\/zuzanahabanova.com\/wp-content\/uploads\/2021\/02\/06-2048x942.jpg 2048w\" sizes=\"auto, (max-width: 644px) 100vw, 644px\" \/><\/a><figcaption id=\"caption-attachment-6777\" class=\"wp-caption-text\"><span style=\"font-family: verdana, geneva, sans-serif; font-size: 16px;\">Pastviny se skotem jsou po cel\u00e9m ostrov\u011b<\/span><\/figcaption><\/figure>\n<p><span style=\"font-family: verdana, geneva, sans-serif; font-size: 20px;\">M\u011bste\u010dko na severn\u00edm pob\u0159e\u017e\u00ed s hezk\u00fdm kostel\u00edkem, mostem, pl\u00e1\u017e\u00ed a hlavn\u011b lik\u00e9rkou Fabrica de Licores Mulher de Capot. V okol\u00ed m\u011bsta je zaj\u00edmav\u00e1 stezka k vodop\u00e1du Salto do Cabrito <a href=\"http:\/\/trails.visitazores.com\/en\/trails-azores\/sao-miguel\/caldeiras-da-ribeira-grande-salto-do-cabrito\" target=\"_blank\" rel=\"noopener\">PR29SMI&nbsp;Salto do Cabrito &#8211; Maps and GPS Tracks &#8211; Hiking Routes in S\u00e3o Miguel &#8211; Trails in Azores (visitazores.com)<\/a> &nbsp; <em><strong>Doprava:<\/strong> 20 km severov\u00fdchodn\u011b od Ponta Delgada, autobus, taxi, auto.<\/em><\/span><\/p>\nngg_shortcode_4_placeholder\n<ul style=\"list-style-type: square;\">\n<li><span style=\"font-size: 24px;\"><strong><span style=\"font-family: verdana, geneva, sans-serif;\">LAGOA DO FOGO&nbsp;<\/span><\/strong><\/span><\/li>\n<\/ul>\n<figure id=\"attachment_6676\" aria-describedby=\"caption-attachment-6676\" style=\"width: 644px\" class=\"wp-caption aligncenter\"><a href=\"http:\/\/zuzanahabanova.com\/wp-content\/uploads\/2021\/02\/IMG_20200927_203905.jpg\" target=\"_blank\" rel=\"noopener\"><img loading=\"lazy\" decoding=\"async\" class=\"wp-image-6676 size-large\" src=\"http:\/\/zuzanahabanova.com\/wp-content\/uploads\/2021\/02\/IMG_20200927_203905-644x296.jpg\" alt=\"\" width=\"644\" height=\"296\" srcset=\"https:\/\/zuzanahabanova.com\/wp-content\/uploads\/2021\/02\/IMG_20200927_203905-644x296.jpg 644w, https:\/\/zuzanahabanova.com\/wp-content\/uploads\/2021\/02\/IMG_20200927_203905-300x138.jpg 300w, https:\/\/zuzanahabanova.com\/wp-content\/uploads\/2021\/02\/IMG_20200927_203905-768x353.jpg 768w, https:\/\/zuzanahabanova.com\/wp-content\/uploads\/2021\/02\/IMG_20200927_203905-600x276.jpg 600w, https:\/\/zuzanahabanova.com\/wp-content\/uploads\/2021\/02\/IMG_20200927_203905.jpg 1280w\" sizes=\"auto, (max-width: 644px) 100vw, 644px\" \/><\/a><figcaption id=\"caption-attachment-6676\" class=\"wp-caption-text\"><span style=\"font-family: verdana, geneva, sans-serif; font-size: 16px;\">Na p\u00e1r sekund n\u00e1m v\u0161udyp\u0159\u00edtomn\u00e1 mlha dovolila si caldeiru Fogo vyfotit<\/span><\/figcaption><\/figure>\n<p><span style=\"font-family: verdana, geneva, sans-serif; font-size: 20px;\"><strong>Ohniv\u00e9 jezero Fogo<\/strong> se nach\u00e1z\u00ed na dn\u011b caldeiry uprost\u0159ed ostrova. Po okoln\u00edch stezk\u00e1ch se d\u00e1 sej\u00edt a\u017e k tyrkysov\u00e9 hladin\u011b. Laguna je skoro po\u0159\u00e1d zahalen\u00e1 v mlze, n\u00e1m se ji poda\u0159ilo vyfotit a\u017e napodruh\u00e9. Za p\u016fl minuty u\u017e zase nebylo nic vid\u011bt. Ve zdej\u0161\u00edch jezerech se nesm\u00ed koupat ani provozovat \u017e\u00e1dn\u00e9 sporty. <em><strong>Doprava:<\/strong> 27 km v\u00fdchodn\u011b od Ponta Delgada, v\u00fdlet s agenturou, v\u00fdlety autem byly v posledn\u00ed dob\u011b omezeny, jezd\u00ed se sem shuttle busem, podrobn\u011bj\u0161\u00ed informace zjist\u00edte v turistick\u00fdch informac\u00edch nebo zde:<a href=\"https:\/\/en.azoresguide.net\/lagoa-do-fogo-shuttle-timetable-and-operation\/\">https:\/\/en.azoresguide.net\/lagoa-do-fogo-shuttle-timetable-and-operation\/<\/a>.&nbsp;<\/em><\/span><\/p>\n<ul style=\"list-style-type: square;\">\n<li><span style=\"font-family: verdana, geneva, sans-serif; font-size: 20px;\"><span style=\"font-size: 24px;\"><strong>CALDEIRA VELHA<\/strong><\/span>&nbsp;<\/span><\/li>\n<\/ul>\n<figure id=\"attachment_6479\" aria-describedby=\"caption-attachment-6479\" style=\"width: 644px\" class=\"wp-caption aligncenter\"><a href=\"http:\/\/zuzanahabanova.com\/wp-content\/uploads\/2020\/10\/a-scaled.jpg\" target=\"_blank\" rel=\"noopener\"><img loading=\"lazy\" decoding=\"async\" class=\"wp-image-6479 size-large\" src=\"http:\/\/zuzanahabanova.com\/wp-content\/uploads\/2020\/10\/a-644x296.jpg\" alt=\"\" width=\"644\" height=\"296\" srcset=\"https:\/\/zuzanahabanova.com\/wp-content\/uploads\/2020\/10\/a-644x296.jpg 644w, https:\/\/zuzanahabanova.com\/wp-content\/uploads\/2020\/10\/a-300x138.jpg 300w, https:\/\/zuzanahabanova.com\/wp-content\/uploads\/2020\/10\/a-768x353.jpg 768w, https:\/\/zuzanahabanova.com\/wp-content\/uploads\/2020\/10\/a-600x276.jpg 600w, https:\/\/zuzanahabanova.com\/wp-content\/uploads\/2020\/10\/a-1536x707.jpg 1536w, https:\/\/zuzanahabanova.com\/wp-content\/uploads\/2020\/10\/a-2048x942.jpg 2048w\" sizes=\"auto, (max-width: 644px) 100vw, 644px\" \/><\/a><figcaption id=\"caption-attachment-6479\" class=\"wp-caption-text\"><span style=\"font-family: verdana, geneva, sans-serif; font-size: 16px;\">Term\u00e1ln\u00ed koupadla obklopen\u00e1 tropickou p\u0159\u00edrodou<\/span><\/figcaption><\/figure>\n<p><span style=\"font-family: verdana, geneva, sans-serif; font-size: 20px;\">Hork\u00e9 prameny, koupadla a vodop\u00e1d v tropick\u00e9 zeleni mezi ob\u0159\u00edmi kapradinami. Je ale nutn\u00e1 rezervace, v sez\u00f3n\u011b rad\u011bji 2 dny dop\u0159edu. Plat\u00ed se vstupn\u00e9, k dispozici kabinky, WC. <em><strong>Doprava:<\/strong> 24 km severov\u00fdchodn\u011b od Ponta Delgada, 7 km ji\u017en\u011b od Ribeira Grande. Pouze autem, taxi, s cestovn\u00ed agenturou.<\/em><\/span><\/p>\nngg_shortcode_5_placeholder\n<ul style=\"list-style-type: square;\">\n<li><span style=\"font-size: 24px;\"><strong><span style=\"font-family: verdana, geneva, sans-serif;\">\u010cAJOV\u00c9 PLANT\u00c1\u017dE<\/span><\/strong><\/span><\/li>\n<\/ul>\n<figure id=\"attachment_6784\" aria-describedby=\"caption-attachment-6784\" style=\"width: 644px\" class=\"wp-caption aligncenter\"><a href=\"http:\/\/zuzanahabanova.com\/wp-content\/uploads\/2021\/02\/caj-scaled.jpg\" target=\"_blank\" rel=\"noopener\"><img loading=\"lazy\" decoding=\"async\" class=\"wp-image-6784 size-large\" src=\"http:\/\/zuzanahabanova.com\/wp-content\/uploads\/2021\/02\/caj-644x296.jpg\" alt=\"\" width=\"644\" height=\"296\" srcset=\"https:\/\/zuzanahabanova.com\/wp-content\/uploads\/2021\/02\/caj-644x296.jpg 644w, https:\/\/zuzanahabanova.com\/wp-content\/uploads\/2021\/02\/caj-300x138.jpg 300w, https:\/\/zuzanahabanova.com\/wp-content\/uploads\/2021\/02\/caj-768x353.jpg 768w, https:\/\/zuzanahabanova.com\/wp-content\/uploads\/2021\/02\/caj-600x276.jpg 600w, https:\/\/zuzanahabanova.com\/wp-content\/uploads\/2021\/02\/caj-1536x707.jpg 1536w, https:\/\/zuzanahabanova.com\/wp-content\/uploads\/2021\/02\/caj-2048x942.jpg 2048w\" sizes=\"auto, (max-width: 644px) 100vw, 644px\" \/><\/a><figcaption id=\"caption-attachment-6784\" class=\"wp-caption-text\"><span style=\"font-family: verdana, geneva, sans-serif; font-size: 16px;\">Jedin\u00e9 \u010dajov\u00e9 plant\u00e1\u017ee v Evrop\u011b rostou pouze na Azor\u00e1ch (Cha Gorreana)<\/span><\/figcaption><\/figure>\n<p>&nbsp;<\/p>\n<p><span style=\"font-family: verdana, geneva, sans-serif; font-size: 20px;\">Jedin\u00e9 \u010dajov\u00e9 plant\u00e1\u017ee v&nbsp;Evrop\u011b. V rodinn\u00e9 tov\u00e1rn\u011b <strong>Cha Gorreana<\/strong> se od roku 1883 p\u011bstuje odr\u016fda Camelia sinensis. Prohl\u00eddka plant\u00e1\u017e\u00ed a muzea je zdarma. Druh\u00e1 \u010dajov\u00e1 tov\u00e1rna je <strong>Porto Fromoso Tea Factory<\/strong>. <em><strong>Doprava:<\/strong> 12 km v\u00fdchodn\u011b od Ribeira Grande, 30 km severov\u00fdchodn\u011b od Ponta Delgada. Pouze autem, taxi, s cestovn\u00ed agenturou.<\/em><\/span><\/p>\n<p>&nbsp;<\/p>\n<p><span style=\"font-size: 28px;\"><strong><span style=\"text-decoration: underline;\"><span style=\"font-family: verdana, geneva, sans-serif;\">V\u00ddCHOD:<\/span><\/span><\/strong><\/span><\/p>\n<ul style=\"list-style-type: square;\">\n<li><strong><span style=\"font-family: verdana, geneva, sans-serif; font-size: 24px;\">FURNAS<\/span><\/strong><\/li>\n<\/ul>\n<div class=\"su-youtube su-u-responsive-media-yes\"><iframe loading=\"lazy\" width=\"600\" height=\"400\" src=\"https:\/\/www.youtube.com\/embed\/h3HOXNcSE8M?\" frameborder=\"0\" allowfullscreen allow=\"autoplay; encrypted-media; picture-in-picture\" title=\"Hork\u00e9 fumaroly ve Furnasu\"><\/iframe><\/div>\n<p>&nbsp;<\/p>\n<p><span style=\"font-family: verdana, geneva, sans-serif; font-size: 20px;\">V\u00fdjime\u010dn\u00e1 term\u00e1ln\u00ed oblast s hork\u00fdmi v\u0159\u00eddly, kou\u0159\u00edc\u00edmi fumaroly a term\u00e1ln\u00edmi baz\u00e9ny. M\u011bste\u010dko le\u017e\u00ed v caldei\u0159e jedn\u00e9 z nejnebezpe\u010dn\u011bj\u0161\u00edch sopek na Azor\u00e1ch, posledn\u00ed erupce tu byla v roce 1630. I p\u0159esto se jedn\u00e1 o nejobl\u00edben\u011bj\u0161\u00ed m\u00edsto mezi turisty a m\u00edstn\u00edmi. Kr\u00e1sn\u00e1 okoln\u00ed krajina, kostel odkud m\u00edsto zvon\u016f vyhr\u00e1v\u00e1 skv\u011bl\u00e1 hudba, doporu\u010duji tu z\u016fstat aspo\u0148 dva dny.<\/span><\/p>\nngg_shortcode_6_placeholder\n<ul style=\"list-style-type: circle;\">\n<li><strong><span style=\"font-family: verdana, geneva, sans-serif; font-size: 20px;\">Terra Nostra <\/span><\/strong><\/li>\n<li>\n<figure id=\"attachment_6533\" aria-describedby=\"caption-attachment-6533\" style=\"width: 644px\" class=\"wp-caption aligncenter\"><a href=\"http:\/\/zuzanahabanova.com\/wp-content\/uploads\/2020\/10\/1f.jpg\" target=\"_blank\" rel=\"noopener\"><img loading=\"lazy\" decoding=\"async\" class=\"wp-image-6533 size-large\" src=\"http:\/\/zuzanahabanova.com\/wp-content\/uploads\/2020\/10\/1f-644x410.jpg\" alt=\"\" width=\"644\" height=\"410\" srcset=\"https:\/\/zuzanahabanova.com\/wp-content\/uploads\/2020\/10\/1f-644x410.jpg 644w, https:\/\/zuzanahabanova.com\/wp-content\/uploads\/2020\/10\/1f-300x191.jpg 300w, https:\/\/zuzanahabanova.com\/wp-content\/uploads\/2020\/10\/1f-768x489.jpg 768w, https:\/\/zuzanahabanova.com\/wp-content\/uploads\/2020\/10\/1f-600x382.jpg 600w, https:\/\/zuzanahabanova.com\/wp-content\/uploads\/2020\/10\/1f.jpg 1267w\" sizes=\"auto, (max-width: 644px) 100vw, 644px\" \/><\/a><figcaption id=\"caption-attachment-6533\" class=\"wp-caption-text\"><span style=\"font-size: 16px; font-family: verdana, geneva, sans-serif;\">Term\u00e1ln\u00ed baz\u00e9n s \u017eelezitou vodou v Terra Nostra<\/span><\/figcaption><\/figure>\n<p><span style=\"font-family: verdana, geneva, sans-serif; font-size: 20px;\">Hotelov\u00fd komplex s botanickou zahradou a naprosto \u00fa\u017easn\u00fdm term\u00e1ln\u00edm baz\u00e9nem. Nenechte se odradit jeho hn\u011bdou \u017eelezitou vodou. Proto\u017ee n\u00e1m tu v \u0159\u00edjnu byla trochu zima, koupel ve&nbsp; 35-40 \u00b0C tepl\u00e9 vod\u011b jsme si n\u00e1ramn\u011b u\u017eili (vstupn\u00e9 8 \u20ac). <strong>Koup\u00e1n\u00ed v Terra Nostra pro n\u00e1s bylo t\u00edm nejlep\u0161\u00edm z\u00e1\u017eitkem na Sao Miguel. <\/strong>Nedaleko na\u0161eho ubytov\u00e1n\u00ed je kemp a vedle n\u011bj u cesty mal\u00fd baz\u00e9nek. Zakalen\u00e1 voda m\u00e1 p\u0159es 60 \u00b0C a m\u00edstn\u00ed si sem chod\u00ed nah\u0159\u00edvat nohy. My jsme se do n\u011bj nalo\u017eili cel\u00ed. Kolemjdouc\u00ed\/proj\u00ed\u017ed\u011bj\u00edc\u00ed na n\u00e1s koukali jako na bl\u00e1zny, je to toti\u017e velmi nebezpe\u010dn\u00e9 pro srdce.<\/span><\/p>\nngg_shortcode_7_placeholder<\/li>\n<\/ul>\n<p>&nbsp;<\/p>\n<ul style=\"list-style-type: circle;\">\n<li><span style=\"font-family: verdana, geneva, sans-serif; font-size: 20px;\"><strong>Poca da Dona Beiia<\/strong> \u2013 n\u011bkolik term\u00e1ln\u00edch baz\u00e9n\u016f, o v\u00edkendu je to docela plno (vstup 6 \u20ac).<\/span><\/li>\n<\/ul>\n<p>&nbsp;<\/p>\n<ul style=\"list-style-type: circle;\">\n<li><span style=\"font-family: verdana, geneva, sans-serif; font-size: 20px;\"><strong>Jezero Furnas <\/strong>&nbsp;<\/span><\/li>\n<li>\n<figure id=\"attachment_6510\" aria-describedby=\"caption-attachment-6510\" style=\"width: 644px\" class=\"wp-caption aligncenter\"><a href=\"http:\/\/zuzanahabanova.com\/wp-content\/uploads\/2020\/10\/1h-Pohled-na-jezero-Furnas-na-ostrove-Sao-Miguel.jpg\" target=\"_blank\" rel=\"noopener\"><img loading=\"lazy\" decoding=\"async\" class=\"wp-image-6510 size-large\" src=\"http:\/\/zuzanahabanova.com\/wp-content\/uploads\/2020\/10\/1h-Pohled-na-jezero-Furnas-na-ostrove-Sao-Miguel-644x297.jpg\" alt=\"\" width=\"644\" height=\"297\" srcset=\"https:\/\/zuzanahabanova.com\/wp-content\/uploads\/2020\/10\/1h-Pohled-na-jezero-Furnas-na-ostrove-Sao-Miguel-644x297.jpg 644w, https:\/\/zuzanahabanova.com\/wp-content\/uploads\/2020\/10\/1h-Pohled-na-jezero-Furnas-na-ostrove-Sao-Miguel-300x139.jpg 300w, https:\/\/zuzanahabanova.com\/wp-content\/uploads\/2020\/10\/1h-Pohled-na-jezero-Furnas-na-ostrove-Sao-Miguel-768x355.jpg 768w, https:\/\/zuzanahabanova.com\/wp-content\/uploads\/2020\/10\/1h-Pohled-na-jezero-Furnas-na-ostrove-Sao-Miguel-600x277.jpg 600w, https:\/\/zuzanahabanova.com\/wp-content\/uploads\/2020\/10\/1h-Pohled-na-jezero-Furnas-na-ostrove-Sao-Miguel.jpg 1280w\" sizes=\"auto, (max-width: 644px) 100vw, 644px\" \/><\/a><figcaption id=\"caption-attachment-6510\" class=\"wp-caption-text\"><span style=\"font-family: verdana, geneva, sans-serif; font-size: 16px;\">V\u00fdhled na jezero Furnas<\/span><\/figcaption><\/figure>\n<p><span style=\"font-family: verdana, geneva, sans-serif; font-size: 20px;\">O<\/span><span style=\"font-family: verdana, geneva, sans-serif; font-size: 20px;\">kolo jezera vede p\u0159\u00edjemn\u00e1 turistick\u00e1 stezka <a href=\"http:\/\/trails.visitazores.com\/en\/trails-azores\/sao-miguel\/furnas\" target=\"_blank\" rel=\"noopener\">LAGOA DAS FURNAS<\/a>. Na jeho b\u0159ehu jsou v zemi zakop\u00e1ny n\u00e1doby s m\u00edstn\u00ed specialitou <strong>cozido<\/strong>. Sm\u011bs r\u016fzn\u00fdch druh\u016f masa, klob\u00e1sek a zeleniny se v zemi pe\u010de \u0161est hodin. Pod\u00e1v\u00e1 se pouze na ob\u011bd a mus\u00edte si ho objednat den p\u0159edem. Jinak budete o hladu. Nejobl\u00edben\u011bj\u0161\u00ed restaurac\u00ed je <strong>Tony\u00b4s restaurant<\/strong>, kam jsme chodili i my. Porce, kter\u00e1 zasyt\u00ed dv\u011b osoby, vych\u00e1z\u00ed na 15 \u20ac.<\/span>&nbsp; &nbsp; &nbsp; &nbsp;<\/li>\n<\/ul>\nngg_shortcode_8_placeholder\n<ul style=\"list-style-type: circle;\">\n<li><em><span style=\"font-family: verdana, geneva, sans-serif; font-size: 20px;\"><strong> Ubytov\u00e1n\u00ed:<\/strong> kouzeln\u00e1 usedlost <strong>Quinta de Santana &#8211; Queimadas<\/strong> (booking.com, airbnb, facebook). P\u0159\u00e1telsk\u00fd majitel Luis Miguel si n\u00e1s tak obl\u00edbil, \u017ee na na\u0161i po\u010dest vyv\u011bsil na svou haciendu \u010deskou vlajku. Na konci roku n\u00e1s vyhl\u00e1sil nejlep\u0161\u00edmi hosty roku 2020. <\/span><\/em><em><span style=\"font-family: verdana, geneva, sans-serif; font-size: 20px;\"><strong>Doprava:<\/strong> 45 km v\u00fdchodn\u011b od Ponta Delgada. Autobus (2x denn\u011b), auto, taxi.<\/span><\/em>&nbsp; &nbsp; &nbsp; &nbsp; &nbsp;<\/li>\n<\/ul>\nngg_shortcode_9_placeholder\n<ul style=\"list-style-type: square;\">\n<li><strong><span style=\"font-family: verdana, geneva, sans-serif; font-size: 24px;\">PRAIA DO FOGO &amp; <\/span><\/strong><strong><span style=\"font-family: verdana, geneva, sans-serif; font-size: 24px;\">POVOACAO<\/span><\/strong><\/li>\n<\/ul>\n<figure id=\"attachment_6679\" aria-describedby=\"caption-attachment-6679\" style=\"width: 644px\" class=\"wp-caption aligncenter\"><a href=\"http:\/\/zuzanahabanova.com\/wp-content\/uploads\/2021\/02\/IMG_20201006_083706-scaled.jpg\" target=\"_blank\" rel=\"noopener\"><img loading=\"lazy\" decoding=\"async\" class=\"wp-image-6679 size-large\" src=\"http:\/\/zuzanahabanova.com\/wp-content\/uploads\/2021\/02\/IMG_20201006_083706-644x296.jpg\" alt=\"\" width=\"644\" height=\"296\" srcset=\"https:\/\/zuzanahabanova.com\/wp-content\/uploads\/2021\/02\/IMG_20201006_083706-644x296.jpg 644w, https:\/\/zuzanahabanova.com\/wp-content\/uploads\/2021\/02\/IMG_20201006_083706-300x138.jpg 300w, https:\/\/zuzanahabanova.com\/wp-content\/uploads\/2021\/02\/IMG_20201006_083706-768x353.jpg 768w, https:\/\/zuzanahabanova.com\/wp-content\/uploads\/2021\/02\/IMG_20201006_083706-600x276.jpg 600w, https:\/\/zuzanahabanova.com\/wp-content\/uploads\/2021\/02\/IMG_20201006_083706-1536x707.jpg 1536w, https:\/\/zuzanahabanova.com\/wp-content\/uploads\/2021\/02\/IMG_20201006_083706-2048x942.jpg 2048w\" sizes=\"auto, (max-width: 644px) 100vw, 644px\" \/><\/a><figcaption id=\"caption-attachment-6679\" class=\"wp-caption-text\"><span style=\"font-family: verdana, geneva, sans-serif; font-size: 16px;\">Pl\u00e1\u017e s term\u00e1ln\u00edm pramenem Praia do Fogo<\/span><\/figcaption><\/figure>\n<p><span style=\"font-family: verdana, geneva, sans-serif; font-size: 20px;\">Pl\u00e1\u017e <strong>Praia do Fogo<\/strong> (Ribeira Quente) s term\u00e1ln\u00edm pramenem vyv\u011braj\u00edc\u00edm v mo\u0159i p\u00e1r metr\u016f od pl\u00e1\u017ee. N\u011bkolik kilometr\u016f na v\u00fdchod se nach\u00e1z\u00ed p\u0159\u00edmo\u0159sk\u00e9 m\u011bste\u010dko <strong>Povoacao<\/strong> s malou pl\u00e1\u017e\u00ed a hezk\u00fdm kostelem. <em><strong>Doprava:<\/strong> 9 a 12 km ji\u017en\u011b od Furnas. Auto a taxi.<\/em><\/span><\/p>\nngg_shortcode_10_placeholder\n<ul style=\"list-style-type: square;\">\n<li><span style=\"font-size: 24px; font-family: verdana, geneva, sans-serif;\"><strong>NORDESTE<\/strong><\/span><\/li>\n<\/ul>\n<figure id=\"attachment_6503\" aria-describedby=\"caption-attachment-6503\" style=\"width: 644px\" class=\"wp-caption aligncenter\"><a href=\"http:\/\/zuzanahabanova.com\/wp-content\/uploads\/2020\/10\/l.jpg\" target=\"_blank\" rel=\"noopener\"><img loading=\"lazy\" decoding=\"async\" class=\"wp-image-6503 size-large\" src=\"http:\/\/zuzanahabanova.com\/wp-content\/uploads\/2020\/10\/l-644x483.jpg\" alt=\"\" width=\"644\" height=\"483\" srcset=\"https:\/\/zuzanahabanova.com\/wp-content\/uploads\/2020\/10\/l-644x483.jpg 644w, https:\/\/zuzanahabanova.com\/wp-content\/uploads\/2020\/10\/l-300x225.jpg 300w, https:\/\/zuzanahabanova.com\/wp-content\/uploads\/2020\/10\/l-768x576.jpg 768w, https:\/\/zuzanahabanova.com\/wp-content\/uploads\/2020\/10\/l-600x450.jpg 600w, https:\/\/zuzanahabanova.com\/wp-content\/uploads\/2020\/10\/l.jpg 1280w\" sizes=\"auto, (max-width: 644px) 100vw, 644px\" \/><\/a><figcaption id=\"caption-attachment-6503\" class=\"wp-caption-text\"><span style=\"font-family: verdana, geneva, sans-serif; font-size: 16px;\">N\u00e1dhern\u00e9 syrov\u00e9 pob\u0159e\u017e\u00ed Nordeste<\/span><\/figcaption><\/figure>\n<p><span style=\"font-family: verdana, geneva, sans-serif; font-size: 20px;\">Klidn\u00e1, syrov\u00e1, mimo\u0159\u00e1dn\u011b kr\u00e1sn\u00e1 oblast na v\u00fdchod\u011b ostrova. Mezi nejhez\u010d\u00ed pat\u0159\u00ed vodop\u00e1d, vyhl\u00eddka <strong>Miradouro da Ponta do Sossego<\/strong> v tropick\u00e9 zahrad\u011b, maj\u00e1k <strong>Farol do Arnel<\/strong> ji\u017en\u011b od m\u011bste\u010dka Nordeste. Oblast je spojen\u00e1 s \u017eivotn\u00ed trag\u00e9di\u00ed Edith Piaf. Do vysok\u00e9ho kopce tu narazilo v roce 1949 letadlo s jej\u00ed nejv\u011bt\u0161\u00ed l\u00e1skou, boxerem Marcelem <span id=\"su_tooltip_69f3b764b5f26_button\" class=\"su-tooltip-button su-tooltip-button-outline-yes\" aria-describedby=\"su_tooltip_69f3b764b5f26\" data-settings='{\"position\":\"top\",\"behavior\":\"hover\",\"hideDelay\":0}' tabindex=\"0\"><em><span style=\"color: #a52a2a;\">Cerdanem*<\/span><\/em><\/span><span style=\"display:none;z-index:100\" id=\"su_tooltip_69f3b764b5f26\" class=\"su-tooltip\" role=\"tooltip\"><span class=\"su-tooltip-inner su-tooltip-shadow-yes\" style=\"z-index:100;background:#FFFFFF;color:#333333;font-size:16px;border-radius:5px;text-align:left;max-width:300px;line-height:1.25\"><span class=\"su-tooltip-title\"><\/span><span class=\"su-tooltip-content su-u-trim\">Francouzsk\u00fd boxer al\u017e\u00edrsk\u00e9ho p\u016fvodu, kter\u00fd v roce 1948 z\u00edskal v New Yorku titul mistra sv\u011bta ve st\u0159edn\u00ed v\u00e1ze<\/span><\/span><span id=\"su_tooltip_69f3b764b5f26_arrow\" class=\"su-tooltip-arrow\" style=\"z-index:100;background:#FFFFFF\" data-popper-arrow><\/span><\/span>. Hav\u00e1rii nikdo nep\u0159e\u017eil.&nbsp;<\/span><em><span style=\"font-family: verdana, geneva, sans-serif; font-size: 20px;\"><strong>Doprava:<\/strong> 58 km v\u00fdchodn\u011b od Ponta Deolgada, 34 km v\u00fdchodn\u011b od Furnas. Jezd\u00ed sem autobus z&nbsp;Ponta Delgada, z&nbsp;Furnasu ne. Taxi, auto.<\/span><\/em><\/p>\nngg_shortcode_11_placeholder\n<p><span style=\"font-family: verdana, geneva, sans-serif; font-size: 20px;\"><div class=\"su-box su-box-style-default\" id=\"\" style=\"border-color:#cc0000;border-radius:1px\"><div class=\"su-box-title\" style=\"background-color:#ff0000;color:#ffffff;border-top-left-radius:0px;border-top-right-radius:0px\">P\u00c1R TIP\u016e NAV\u00cdC<\/div><div class=\"su-box-content su-u-clearfix su-u-trim\" style=\"border-bottom-left-radius:0px;border-bottom-right-radius:0px\"><\/span><\/p>\n<ul style=\"list-style-type: square;\">\n<li><span style=\"font-family: 'comic sans ms', sans-serif; font-size: 20px;\"><span style=\"text-decoration: underline;\"><strong>Z\u00c1PAD:<\/strong><\/span> <strong>Ponta da Ferraria<\/strong> \u2013 zna\u010dn\u011b nav\u0161t\u011bvovan\u00fd term\u00e1ln\u00ed pramen v oce\u00e1nu (33 km z\u00e1padn\u011b od Ponta Delgada).<\/span><\/li>\n<li><span style=\"font-family: 'comic sans ms', sans-serif; font-size: 20px;\"><span style=\"text-decoration: underline;\"><strong>CENTRUM:<\/strong><\/span> <strong>Ilheu da Vila Franca<\/strong> \u2013 n\u00e1dhern\u00fd ostr\u016fvek s p\u0159\u00edrodn\u00ed rezervac\u00ed, \u0161norchlov\u00e1n\u00ed v lagun\u011b, kde je vcelku tepl\u00e1 voda. Omezen\u00fd denn\u00ed po\u010det turist\u016f. Lodn\u00ed l\u00edstek se kupuje v p\u0159\u00edstavu Vila Franca do Campo. Ve Vila France je n\u00e1dhern\u00fd kostel, kter\u00fd stoj\u00ed tak\u00e9 za n\u00e1v\u0161t\u011bvu (26 km autobusem, taxi, auto).<\/span><\/li>\n<\/ul>\n<figure id=\"attachment_8304\" aria-describedby=\"caption-attachment-8304\" style=\"width: 162px\" class=\"wp-caption alignnone\"><a href=\"https:\/\/zuzanahabanova.com\/wp-content\/uploads\/2021\/02\/ksoteln.jpg\" target=\"_blank\" rel=\"noopener\"><img loading=\"lazy\" decoding=\"async\" class=\"wp-image-8304\" src=\"https:\/\/zuzanahabanova.com\/wp-content\/uploads\/2021\/02\/ksoteln-225x300.jpg\" alt=\"\" width=\"162\" height=\"216\" srcset=\"https:\/\/zuzanahabanova.com\/wp-content\/uploads\/2021\/02\/ksoteln-225x300.jpg 225w, https:\/\/zuzanahabanova.com\/wp-content\/uploads\/2021\/02\/ksoteln-644x859.jpg 644w, https:\/\/zuzanahabanova.com\/wp-content\/uploads\/2021\/02\/ksoteln-768x1024.jpg 768w, https:\/\/zuzanahabanova.com\/wp-content\/uploads\/2021\/02\/ksoteln-600x800.jpg 600w, https:\/\/zuzanahabanova.com\/wp-content\/uploads\/2021\/02\/ksoteln.jpg 1125w\" sizes=\"auto, (max-width: 162px) 100vw, 162px\" \/><\/a><figcaption id=\"caption-attachment-8304\" class=\"wp-caption-text\">Kostel ve Vila Franca<\/figcaption><\/figure>\n<ul style=\"list-style-type: square;\">\n<li><span style=\"font-family: 'comic sans ms', sans-serif; font-size: 20px;\"><strong>V\u00fdlet za velrybami a delf\u00edny<\/strong> \u2013 nap\u0159. z Ponta Delgada, prodejna je naproti infocentra. V hlavn\u00ed sez\u00f3n\u011b se \u010dasto mus\u00ed rezervovat i dva dny p\u0159edem.<\/span><\/li>\n<li><span style=\"font-size: 20px;\"><span style=\"font-family: 'comic sans ms', sans-serif;\"><strong><span style=\"text-decoration: underline;\">V\u00ddCHOD:<\/span> Pl\u00e1\u017e Viola<\/strong> &#8211; u m\u011bste\u010dka Maia na severn\u00edm pob\u0159e\u017e\u00ed. Je zde hezk\u00e1 stezka <a style=\"background-color: #ffffff;\" href=\"http:\/\/trails.visitazores.com\/en\/trails-azores\/sao-miguel\/praia-da-viola\" target=\"_blank\" rel=\"noopener\">PRAIA DA VIOLA<\/a> (32 km severov\u00fdchodn\u011b od Ponta Delgada, 14 km od Ribeira Grande, 16 km severn\u011b od Furnas. Autobus z Ponta Delgada, auto, taxi).<\/span><em style=\"font-family: verdana, geneva, sans-serif;\"><\/div><\/div><\/em><\/span><\/li>\n<\/ul>\n<p>&nbsp;<\/p>\n<p><strong><span style=\"font-family: verdana, geneva, sans-serif; font-size: 24px;\">CO \u0158\u00cdCT Z\u00c1V\u011aREM?<\/span><\/strong><\/p>\n<figure id=\"attachment_6528\" aria-describedby=\"caption-attachment-6528\" style=\"width: 644px\" class=\"wp-caption aligncenter\"><a href=\"http:\/\/zuzanahabanova.com\/wp-content\/uploads\/2020\/10\/IMG_20200928_215156.jpg\" target=\"_blank\" rel=\"noopener\"><img loading=\"lazy\" decoding=\"async\" class=\"wp-image-6528 size-large\" src=\"http:\/\/zuzanahabanova.com\/wp-content\/uploads\/2020\/10\/IMG_20200928_215156-644x483.jpg\" alt=\"\" width=\"644\" height=\"483\" srcset=\"https:\/\/zuzanahabanova.com\/wp-content\/uploads\/2020\/10\/IMG_20200928_215156-644x483.jpg 644w, https:\/\/zuzanahabanova.com\/wp-content\/uploads\/2020\/10\/IMG_20200928_215156-300x225.jpg 300w, https:\/\/zuzanahabanova.com\/wp-content\/uploads\/2020\/10\/IMG_20200928_215156-768x576.jpg 768w, https:\/\/zuzanahabanova.com\/wp-content\/uploads\/2020\/10\/IMG_20200928_215156-600x450.jpg 600w, https:\/\/zuzanahabanova.com\/wp-content\/uploads\/2020\/10\/IMG_20200928_215156.jpg 1125w\" sizes=\"auto, (max-width: 644px) 100vw, 644px\" \/><\/a><figcaption id=\"caption-attachment-6528\" class=\"wp-caption-text\"><span style=\"font-family: verdana, geneva, sans-serif; font-size: 16px;\">V Ponta Delgada<\/span><\/figcaption><\/figure>\n<p>&nbsp;<\/p>\n<p><span style=\"font-family: verdana, geneva, sans-serif; font-size: 20px;\">Za exotikou nen\u00ed t\u0159eba jezdit daleko. M\u00e1me ji hned za rohem, jen o tom zat\u00edm moc lid\u00ed nev\u00ed. Po Sao Miguelu se sem budete cht\u00edt nejen znovu vr\u00e1tit, budete tou\u017eit prozkoumat i ostatn\u00ed ostrovy. Tak jako my. Boa viagem!&nbsp;<\/span><\/p>\n<p>&nbsp;<\/p>\n<p><span style=\"text-decoration: underline;\"><strong><span style=\"font-family: verdana, geneva, sans-serif; font-size: 28px;\">P\u0158E\u010cT\u011aTE SI DAL\u0160\u00cd \u010cL\u00c1NKY O AZOR\u00c1CH:<\/span><\/strong><\/span><\/p>\n<ul style=\"list-style-type: square;\">\n<li><span style=\"font-family: verdana, geneva, sans-serif;\"><a href=\"http:\/\/zuzanahabanova.com\/carovne-azory-1-sao-miguel\/\" target=\"_blank\" rel=\"noopener\"><span style=\"font-size: 24px;\"><strong>1.KDY A KTER\u00dd OSTROV SI VYBRAT? OBECN\u00c9 RADY A TIPY<\/strong><\/span> <\/a><\/span><\/li>\n<li><strong><span style=\"font-family: verdana, geneva, sans-serif; font-size: 24px;\"><a href=\"http:\/\/zuzanahabanova.com\/carovne-azory-exoticky-flores-32\/\" target=\"_blank\" rel=\"noopener\">3. FLORES<\/a><\/span><\/strong><\/li>\n<li><strong><span style=\"text-decoration: underline;\"><span style=\"font-family: verdana, geneva, sans-serif; font-size: 24px;\"><a href=\"http:\/\/zuzanahabanova.com\/carovne-azory-4-faial\/\" target=\"_blank\" rel=\"noopener\">4. FAIAL<\/a><\/span><\/span><\/strong><\/li>\n<li><strong><span style=\"font-family: verdana, geneva, sans-serif; font-size: 24px;\"><a href=\"https:\/\/zuzanahabanova.com\/about\/carokrasne-azory-4-malebny-sao-jorge\/\" target=\"_blank\" rel=\"noopener\">5. SAO JORGE<\/a><\/span><\/strong><\/li>\n<li><strong><span style=\"font-family: verdana, geneva, sans-serif; font-size: 24px;\"><span style=\"text-decoration: underline;\">6. <\/span><a href=\"https:\/\/zuzanahabanova.com\/about\/carokrasne-azory-5-pico\/\" target=\"_blank\" rel=\"noopener\">PICO<\/a><\/span><\/strong><\/li>\n<li><a href=\"https:\/\/zuzanahabanova.com\/about\/carokrasne-azory-6-terceira-fialovy-ostrov\/\" target=\"_blank\" rel=\"noopener\"><span style=\"font-family: tahoma, arial, helvetica, sans-serif; font-size: 20px;\"><strong><span style=\"font-family: verdana, geneva, sans-serif; font-size: 24px;\">7. TERCEIRA<\/span><\/strong><\/span><\/a><\/li>\n<li><span style=\"text-decoration: underline;\"><strong><span style=\"font-family: verdana, geneva, sans-serif; font-size: 24px;\"><a href=\"https:\/\/zuzanahabanova.com\/about\/carokrasne-azory-7-graciosa-bily-ostrov\/\" target=\"_blank\" rel=\"noopener\">8. GRACIOSA<\/a><\/span><\/strong><\/span><\/li>\n<\/ul>\n<p><a href=\"https:\/\/zuzanahabanova.com\/wp-content\/uploads\/2020\/10\/NOVINOVY-CLANEK-O-SAO-MIGUEL-FLORES-FAIAL.docx\">NOVINOV\u00dd \u010cL\u00c1NEK O SAO <span style=\"font-family: verdana, geneva, sans-serif; font-size: 20px;\">MIGUEL,<\/span> FLORES, FAIAL<\/a><\/p>\n<p>&nbsp;<\/p>\n<ul style=\"list-style-type: circle;\">\n<li><em><span style=\"font-family: verdana, geneva, sans-serif;\"><strong>Foto:<\/strong> Zuzana Hab\u00e1\u0148ov\u00e1, Jakub Jirovsk\u00fd<\/span><\/em><\/li>\n<li><em><span style=\"font-family: verdana, geneva, sans-serif;\"><strong>\u00davodn\u00ed foto:<\/strong> Miradouro da Ponta do Sossego (Nordeste) <\/span><\/em><\/li>\n<li><em><span style=\"font-family: verdana, geneva, sans-serif;\"><strong>Nav\u0161t\u00edveno:<\/strong> z\u00e1\u0159\u00ed &#8211; \u0159\u00edjen 2020<\/span><\/em><\/li>\n<\/ul>\n<p>&nbsp;<\/p>\n<div class=\"fcbkbttn_buttons_block\" id=\"fcbkbttn_left\"><div class=\"fcbkbttn_like \"><fb:like href=\"https:\/\/zuzanahabanova.com\/about\/ktery-z-azorskych-ostrovu-je-nejrozmanitejsi\/\" action=\"like\" colorscheme=\"light\" layout=\"standard\"  width=\"225px\" size=\"small\"><\/fb:like><\/div><div class=\"fb-share-button  \" data-href=\"https:\/\/zuzanahabanova.com\/about\/ktery-z-azorskych-ostrovu-je-nejrozmanitejsi\/\" data-type=\"button_count\" data-size=\"small\"><\/div><\/div>","protected":false},"excerpt":{"rendered":"<p>Pokud se chyst\u00e1te na \u010darokr\u00e1sn\u00e9 Azory, v\u0159ele doporu\u010duji za\u010d\u00edt pr\u00e1v\u011b na ostrov\u011b Sao Miguel. Je toti\u017e nejrozmanit\u011bj\u0161\u00ed, ohromn\u011b zelen\u00fd, pln\u00fd jezern\u00edch caldeir, term\u00e1ln\u00edch koupadel a modr\u00fdch hortenzi\u00ed.<\/p>\n<div class=\"fcbkbttn_buttons_block\" id=\"fcbkbttn_left\"><div class=\"fcbkbttn_like \"><fb:like href=\"https:\/\/zuzanahabanova.com\/about\/ktery-z-azorskych-ostrovu-je-nejrozmanitejsi\/\" action=\"like\" colorscheme=\"light\" layout=\"standard\"  width=\"225px\" size=\"small\"><\/fb:like><\/div><div class=\"fb-share-button  \" data-href=\"https:\/\/zuzanahabanova.com\/about\/ktery-z-azorskych-ostrovu-je-nejrozmanitejsi\/\" data-type=\"button_count\" data-size=\"small\"><\/div><\/div>","protected":false},"author":1,"featured_media":6653,"comment_status":"open","ping_status":"open","sticky":false,"template":"","format":"standard","meta":{"_monsterinsights_skip_tracking":false,"_monsterinsights_sitenote_active":false,"_monsterinsights_sitenote_note":"","_monsterinsights_sitenote_category":0,"ngg_post_thumbnail":0,"footnotes":""},"categories":[171,16,18,133],"tags":[188,169,168,186,187],"class_list":["post-6643","post","type-post","status-publish","format-standard","has-post-thumbnail","hentry","category-azory","category-cesta","category-evropa","category-portugalsko","tag-atlanticky-ocean","tag-azorske-ostrovy","tag-azory","tag-portugalsko","tag-sao-miguel"],"yoast_head":"<!-- This site is optimized with the Yoast SEO plugin v24.8.1 - https:\/\/yoast.com\/wordpress\/plugins\/seo\/ -->\n<title>\u010cAROKR\u00c1SN\u00c9 AZORY (1) - SAO MIGUEL (ZELEN\u00dd OSTROV) -<\/title>\n<meta name=\"description\" content=\"Sao Miguel je nejrozmanit\u011bj\u0161\u00ed z Azorsk\u00fdch ostrov\u016f\" \/>\n<meta name=\"robots\" content=\"index, follow, max-snippet:-1, max-image-preview:large, max-video-preview:-1\" \/>\n<link rel=\"canonical\" href=\"https:\/\/zuzanahabanova.com\/about\/ktery-z-azorskych-ostrovu-je-nejrozmanitejsi\/\" \/>\n<meta property=\"og:locale\" content=\"cs_CZ\" \/>\n<meta property=\"og:type\" content=\"article\" \/>\n<meta property=\"og:title\" content=\"\u010cAROKR\u00c1SN\u00c9 AZORY (1) - SAO MIGUEL (ZELEN\u00dd OSTROV) -\" \/>\n<meta property=\"og:description\" content=\"Sao Miguel je nejrozmanit\u011bj\u0161\u00ed z Azorsk\u00fdch ostrov\u016f\" \/>\n<meta property=\"og:url\" content=\"https:\/\/zuzanahabanova.com\/about\/ktery-z-azorskych-ostrovu-je-nejrozmanitejsi\/\" \/>\n<meta property=\"og:site_name\" content=\"ZUZANA HAB\u00c1\u0147OV\u00c1\" \/>\n<meta property=\"article:publisher\" content=\"https:\/\/www.facebook.com\/zuza.habanova\" \/>\n<meta property=\"article:author\" content=\"https:\/\/www.facebook.com\/zuza.habanova\" \/>\n<meta property=\"article:published_time\" content=\"2021-02-07T21:18:36+00:00\" \/>\n<meta property=\"article:modified_time\" content=\"2025-04-13T10:49:56+00:00\" \/>\n<meta property=\"og:image\" content=\"https:\/\/zuzanahabanova.com\/wp-content\/uploads\/2021\/02\/IMG_20201006_083900-scaled.jpg\" \/>\n\t<meta property=\"og:image:width\" content=\"2560\" \/>\n\t<meta property=\"og:image:height\" content=\"1182\" \/>\n\t<meta property=\"og:image:type\" content=\"image\/jpeg\" \/>\n<meta name=\"author\" content=\"zuzahabi\" \/>\n<meta name=\"twitter:card\" content=\"summary_large_image\" \/>\n<meta name=\"twitter:label1\" content=\"Napsal(a)\" \/>\n\t<meta name=\"twitter:data1\" content=\"zuzahabi\" \/>\n\t<meta name=\"twitter:label2\" content=\"Odhadovan\u00e1 doba \u010dten\u00ed\" \/>\n\t<meta name=\"twitter:data2\" content=\"17 minut\" \/>\n<script type=\"application\/ld+json\" class=\"yoast-schema-graph\">{\"@context\":\"https:\/\/schema.org\",\"@graph\":[{\"@type\":\"WebPage\",\"@id\":\"https:\/\/zuzanahabanova.com\/about\/ktery-z-azorskych-ostrovu-je-nejrozmanitejsi\/\",\"url\":\"https:\/\/zuzanahabanova.com\/about\/ktery-z-azorskych-ostrovu-je-nejrozmanitejsi\/\",\"name\":\"\u010cAROKR\u00c1SN\u00c9 AZORY (1) - SAO MIGUEL (ZELEN\u00dd OSTROV) -\",\"isPartOf\":{\"@id\":\"https:\/\/zuzanahabanova.com\/about\/#website\"},\"primaryImageOfPage\":{\"@id\":\"https:\/\/zuzanahabanova.com\/about\/ktery-z-azorskych-ostrovu-je-nejrozmanitejsi\/#primaryimage\"},\"image\":{\"@id\":\"https:\/\/zuzanahabanova.com\/about\/ktery-z-azorskych-ostrovu-je-nejrozmanitejsi\/#primaryimage\"},\"thumbnailUrl\":\"https:\/\/zuzanahabanova.com\/wp-content\/uploads\/2021\/02\/IMG_20201006_083900-scaled.jpg\",\"datePublished\":\"2021-02-07T21:18:36+00:00\",\"dateModified\":\"2025-04-13T10:49:56+00:00\",\"author\":{\"@id\":\"https:\/\/zuzanahabanova.com\/about\/#\/schema\/person\/db3143797759ee990bc23ee64376c13d\"},\"description\":\"Sao Miguel je nejrozmanit\u011bj\u0161\u00ed z Azorsk\u00fdch ostrov\u016f\",\"breadcrumb\":{\"@id\":\"https:\/\/zuzanahabanova.com\/about\/ktery-z-azorskych-ostrovu-je-nejrozmanitejsi\/#breadcrumb\"},\"inLanguage\":\"cs\",\"potentialAction\":[{\"@type\":\"ReadAction\",\"target\":[\"https:\/\/zuzanahabanova.com\/about\/ktery-z-azorskych-ostrovu-je-nejrozmanitejsi\/\"]}]},{\"@type\":\"ImageObject\",\"inLanguage\":\"cs\",\"@id\":\"https:\/\/zuzanahabanova.com\/about\/ktery-z-azorskych-ostrovu-je-nejrozmanitejsi\/#primaryimage\",\"url\":\"https:\/\/zuzanahabanova.com\/wp-content\/uploads\/2021\/02\/IMG_20201006_083900-scaled.jpg\",\"contentUrl\":\"https:\/\/zuzanahabanova.com\/wp-content\/uploads\/2021\/02\/IMG_20201006_083900-scaled.jpg\",\"width\":2560,\"height\":1182,\"caption\":\"rhdr\"},{\"@type\":\"BreadcrumbList\",\"@id\":\"https:\/\/zuzanahabanova.com\/about\/ktery-z-azorskych-ostrovu-je-nejrozmanitejsi\/#breadcrumb\",\"itemListElement\":[{\"@type\":\"ListItem\",\"position\":1,\"name\":\"Dom\u016f\",\"item\":\"https:\/\/zuzanahabanova.com\/about\/\"},{\"@type\":\"ListItem\",\"position\":2,\"name\":\"\u010cAROKR\u00c1SN\u00c9 AZORY (1) &#8211; SAO MIGUEL (ZELEN\u00dd OSTROV)\"}]},{\"@type\":\"WebSite\",\"@id\":\"https:\/\/zuzanahabanova.com\/about\/#website\",\"url\":\"https:\/\/zuzanahabanova.com\/about\/\",\"name\":\"ZUZANA HAB\u00c1\u0147OV\u00c1\",\"description\":\"Oslepla jsem. Vzala krosnu na z\u00e1da a vyrazila do sv\u011bta.\",\"potentialAction\":[{\"@type\":\"SearchAction\",\"target\":{\"@type\":\"EntryPoint\",\"urlTemplate\":\"https:\/\/zuzanahabanova.com\/about\/?s={search_term_string}\"},\"query-input\":{\"@type\":\"PropertyValueSpecification\",\"valueRequired\":true,\"valueName\":\"search_term_string\"}}],\"inLanguage\":\"cs\"},{\"@type\":\"Person\",\"@id\":\"https:\/\/zuzanahabanova.com\/about\/#\/schema\/person\/db3143797759ee990bc23ee64376c13d\",\"name\":\"zuzahabi\",\"image\":{\"@type\":\"ImageObject\",\"inLanguage\":\"cs\",\"@id\":\"https:\/\/zuzanahabanova.com\/about\/#\/schema\/person\/image\/\",\"url\":\"https:\/\/secure.gravatar.com\/avatar\/cba5fb0d364413e0bb3092ba43d50a88?s=96&d=mm&r=g\",\"contentUrl\":\"https:\/\/secure.gravatar.com\/avatar\/cba5fb0d364413e0bb3092ba43d50a88?s=96&d=mm&r=g\",\"caption\":\"zuzahabi\"},\"sameAs\":[\"https:\/\/www.facebook.com\/zuza.habanova\"],\"url\":\"https:\/\/zuzanahabanova.com\/about\/author\/admin\/\"}]}<\/script>\n<!-- \/ Yoast SEO plugin. -->","yoast_head_json":{"title":"\u010cAROKR\u00c1SN\u00c9 AZORY (1) - SAO MIGUEL (ZELEN\u00dd OSTROV) -","description":"Sao Miguel je nejrozmanit\u011bj\u0161\u00ed z Azorsk\u00fdch ostrov\u016f","robots":{"index":"index","follow":"follow","max-snippet":"max-snippet:-1","max-image-preview":"max-image-preview:large","max-video-preview":"max-video-preview:-1"},"canonical":"https:\/\/zuzanahabanova.com\/about\/ktery-z-azorskych-ostrovu-je-nejrozmanitejsi\/","og_locale":"cs_CZ","og_type":"article","og_title":"\u010cAROKR\u00c1SN\u00c9 AZORY (1) - SAO MIGUEL (ZELEN\u00dd OSTROV) -","og_description":"Sao Miguel je nejrozmanit\u011bj\u0161\u00ed z Azorsk\u00fdch ostrov\u016f","og_url":"https:\/\/zuzanahabanova.com\/about\/ktery-z-azorskych-ostrovu-je-nejrozmanitejsi\/","og_site_name":"ZUZANA HAB\u00c1\u0147OV\u00c1","article_publisher":"https:\/\/www.facebook.com\/zuza.habanova","article_author":"https:\/\/www.facebook.com\/zuza.habanova","article_published_time":"2021-02-07T21:18:36+00:00","article_modified_time":"2025-04-13T10:49:56+00:00","og_image":[{"width":2560,"height":1182,"url":"https:\/\/zuzanahabanova.com\/wp-content\/uploads\/2021\/02\/IMG_20201006_083900-scaled.jpg","type":"image\/jpeg"}],"author":"zuzahabi","twitter_card":"summary_large_image","twitter_misc":{"Napsal(a)":"zuzahabi","Odhadovan\u00e1 doba \u010dten\u00ed":"17 minut"},"schema":{"@context":"https:\/\/schema.org","@graph":[{"@type":"WebPage","@id":"https:\/\/zuzanahabanova.com\/about\/ktery-z-azorskych-ostrovu-je-nejrozmanitejsi\/","url":"https:\/\/zuzanahabanova.com\/about\/ktery-z-azorskych-ostrovu-je-nejrozmanitejsi\/","name":"\u010cAROKR\u00c1SN\u00c9 AZORY (1) - SAO MIGUEL (ZELEN\u00dd OSTROV) -","isPartOf":{"@id":"https:\/\/zuzanahabanova.com\/about\/#website"},"primaryImageOfPage":{"@id":"https:\/\/zuzanahabanova.com\/about\/ktery-z-azorskych-ostrovu-je-nejrozmanitejsi\/#primaryimage"},"image":{"@id":"https:\/\/zuzanahabanova.com\/about\/ktery-z-azorskych-ostrovu-je-nejrozmanitejsi\/#primaryimage"},"thumbnailUrl":"https:\/\/zuzanahabanova.com\/wp-content\/uploads\/2021\/02\/IMG_20201006_083900-scaled.jpg","datePublished":"2021-02-07T21:18:36+00:00","dateModified":"2025-04-13T10:49:56+00:00","author":{"@id":"https:\/\/zuzanahabanova.com\/about\/#\/schema\/person\/db3143797759ee990bc23ee64376c13d"},"description":"Sao Miguel je nejrozmanit\u011bj\u0161\u00ed z Azorsk\u00fdch ostrov\u016f","breadcrumb":{"@id":"https:\/\/zuzanahabanova.com\/about\/ktery-z-azorskych-ostrovu-je-nejrozmanitejsi\/#breadcrumb"},"inLanguage":"cs","potentialAction":[{"@type":"ReadAction","target":["https:\/\/zuzanahabanova.com\/about\/ktery-z-azorskych-ostrovu-je-nejrozmanitejsi\/"]}]},{"@type":"ImageObject","inLanguage":"cs","@id":"https:\/\/zuzanahabanova.com\/about\/ktery-z-azorskych-ostrovu-je-nejrozmanitejsi\/#primaryimage","url":"https:\/\/zuzanahabanova.com\/wp-content\/uploads\/2021\/02\/IMG_20201006_083900-scaled.jpg","contentUrl":"https:\/\/zuzanahabanova.com\/wp-content\/uploads\/2021\/02\/IMG_20201006_083900-scaled.jpg","width":2560,"height":1182,"caption":"rhdr"},{"@type":"BreadcrumbList","@id":"https:\/\/zuzanahabanova.com\/about\/ktery-z-azorskych-ostrovu-je-nejrozmanitejsi\/#breadcrumb","itemListElement":[{"@type":"ListItem","position":1,"name":"Dom\u016f","item":"https:\/\/zuzanahabanova.com\/about\/"},{"@type":"ListItem","position":2,"name":"\u010cAROKR\u00c1SN\u00c9 AZORY (1) &#8211; SAO MIGUEL (ZELEN\u00dd OSTROV)"}]},{"@type":"WebSite","@id":"https:\/\/zuzanahabanova.com\/about\/#website","url":"https:\/\/zuzanahabanova.com\/about\/","name":"ZUZANA HAB\u00c1\u0147OV\u00c1","description":"Oslepla jsem. Vzala krosnu na z\u00e1da a vyrazila do sv\u011bta.","potentialAction":[{"@type":"SearchAction","target":{"@type":"EntryPoint","urlTemplate":"https:\/\/zuzanahabanova.com\/about\/?s={search_term_string}"},"query-input":{"@type":"PropertyValueSpecification","valueRequired":true,"valueName":"search_term_string"}}],"inLanguage":"cs"},{"@type":"Person","@id":"https:\/\/zuzanahabanova.com\/about\/#\/schema\/person\/db3143797759ee990bc23ee64376c13d","name":"zuzahabi","image":{"@type":"ImageObject","inLanguage":"cs","@id":"https:\/\/zuzanahabanova.com\/about\/#\/schema\/person\/image\/","url":"https:\/\/secure.gravatar.com\/avatar\/cba5fb0d364413e0bb3092ba43d50a88?s=96&d=mm&r=g","contentUrl":"https:\/\/secure.gravatar.com\/avatar\/cba5fb0d364413e0bb3092ba43d50a88?s=96&d=mm&r=g","caption":"zuzahabi"},"sameAs":["https:\/\/www.facebook.com\/zuza.habanova"],"url":"https:\/\/zuzanahabanova.com\/about\/author\/admin\/"}]}},"_links":{"self":[{"href":"https:\/\/zuzanahabanova.com\/about\/wp-json\/wp\/v2\/posts\/6643","targetHints":{"allow":["GET"]}}],"collection":[{"href":"https:\/\/zuzanahabanova.com\/about\/wp-json\/wp\/v2\/posts"}],"about":[{"href":"https:\/\/zuzanahabanova.com\/about\/wp-json\/wp\/v2\/types\/post"}],"author":[{"embeddable":true,"href":"https:\/\/zuzanahabanova.com\/about\/wp-json\/wp\/v2\/users\/1"}],"replies":[{"embeddable":true,"href":"https:\/\/zuzanahabanova.com\/about\/wp-json\/wp\/v2\/comments?post=6643"}],"version-history":[{"count":95,"href":"https:\/\/zuzanahabanova.com\/about\/wp-json\/wp\/v2\/posts\/6643\/revisions"}],"predecessor-version":[{"id":9423,"href":"https:\/\/zuzanahabanova.com\/about\/wp-json\/wp\/v2\/posts\/6643\/revisions\/9423"}],"wp:featuredmedia":[{"embeddable":true,"href":"https:\/\/zuzanahabanova.com\/about\/wp-json\/wp\/v2\/media\/6653"}],"wp:attachment":[{"href":"https:\/\/zuzanahabanova.com\/about\/wp-json\/wp\/v2\/media?parent=6643"}],"wp:term":[{"taxonomy":"category","embeddable":true,"href":"https:\/\/zuzanahabanova.com\/about\/wp-json\/wp\/v2\/categories?post=6643"},{"taxonomy":"post_tag","embeddable":true,"href":"https:\/\/zuzanahabanova.com\/about\/wp-json\/wp\/v2\/tags?post=6643"}],"curies":[{"name":"wp","href":"https:\/\/api.w.org\/{rel}","templated":true}]}}