{"id":5002,"date":"2019-08-29T21:04:54","date_gmt":"2019-08-29T20:04:54","guid":{"rendered":"http:\/\/zuzanahabanova.com\/?p=5002"},"modified":"2022-01-14T15:22:23","modified_gmt":"2022-01-14T14:22:23","slug":"drsna-andaluska-gr-7-etapy","status":"publish","type":"post","link":"https:\/\/zuzanahabanova.com\/about\/drsna-andaluska-gr-7-etapy\/","title":{"rendered":"DRSN\u00c1 ANDALUSK\u00c1 GR 7 &#8211; PODROBN\u00dd POPIS ETAP (2. \u010d\u00e1st)"},"content":{"rendered":"<p><span style=\"font-family: arial, helvetica, sans-serif; font-size: 20px;\">Rozpis etap GR7 z El Chorro do Tarify (a cesty okoln\u00ed). C\u00edlem je doj\u00edt k mo\u0159i, proto po GR7 putujeme opa\u010dn\u011b.&nbsp; Na konci \u010dl\u00e1nku uv\u00e1d\u00edm ofici\u00e1ln\u00ed seznam \u00fasek\u016f severn\u00ed i ji\u017en\u00ed andalusk\u00e9 GR7.<\/span><!--more--><\/p>\n<p>&nbsp;<\/p>\n<p><span style=\"font-family: arial, helvetica, sans-serif; font-size: 20px;\"><strong>1. EL CHORRO \u2013 ARDALES (16 KM)<\/strong><br \/>\n<\/span><\/p>\n<figure id=\"attachment_5172\" aria-describedby=\"caption-attachment-5172\" style=\"width: 300px\" class=\"wp-caption alignright\"><a href=\"http:\/\/zuzanahabanova.com\/wp-content\/uploads\/2019\/08\/01-El-Chorro-Ardales.jpg\" target=\"_blank\" rel=\"noopener noreferrer\"><img loading=\"lazy\" decoding=\"async\" class=\"wp-image-5172 size-medium\" src=\"http:\/\/zuzanahabanova.com\/wp-content\/uploads\/2019\/08\/01-El-Chorro-Ardales-300x84.jpg\" alt=\"\" width=\"300\" height=\"84\" srcset=\"https:\/\/zuzanahabanova.com\/wp-content\/uploads\/2019\/08\/01-El-Chorro-Ardales-300x84.jpg 300w, https:\/\/zuzanahabanova.com\/wp-content\/uploads\/2019\/08\/01-El-Chorro-Ardales-768x215.jpg 768w, https:\/\/zuzanahabanova.com\/wp-content\/uploads\/2019\/08\/01-El-Chorro-Ardales-644x180.jpg 644w, https:\/\/zuzanahabanova.com\/wp-content\/uploads\/2019\/08\/01-El-Chorro-Ardales-600x168.jpg 600w, https:\/\/zuzanahabanova.com\/wp-content\/uploads\/2019\/08\/01-El-Chorro-Ardales.jpg 1024w\" sizes=\"auto, (max-width: 300px) 100vw, 300px\" \/><\/a><figcaption id=\"caption-attachment-5172\" class=\"wp-caption-text\">El Chorro &#8211; Ardales<\/figcaption><\/figure>\n<ul style=\"list-style-type: square;\">\n<li><span style=\"font-family: arial, helvetica, sans-serif; font-size: 20px;\">V El Chorro v\u0159ele doporu\u010duji nav\u0161t\u00edvit chodn\u00edk smrti <a href=\"http:\/\/zuzanahabanova.com\/caminito-del-rey-andalusky-chodnik-smrti\/\" target=\"_blank\" rel=\"noopener noreferrer\">Caminito del Rey<\/a>.<\/span><\/li>\n<li><span style=\"font-family: arial, helvetica, sans-serif; font-size: 20px;\">Z El Chorro (250 obyv.) n\u00e1s stezka vede strm\u011b do hor, jedn\u00e1 se o obt\u00ed\u017en\u00fd ter\u00e9n. Pak po h\u0159ebeni a dol\u016f do p\u016fvabn\u00e9 b\u00edl\u00e9 vesni\u010dky Ardales (2600 obyv.). Z hor jsou n\u00e1dhern\u00e9 v\u00fdhledy na olivov\u00e9 h\u00e1je a modr\u00e9 jezero.<\/span><\/li>\n<li><span style=\"font-family: arial, helvetica, sans-serif; font-size: 20px;\">Pokud nechcete absolvovat tak velk\u00e9 p\u0159ev\u00fd\u0161en\u00ed, popoje\u010fte autobusem sm\u011br Caminito del Rey ke kruhov\u00e9mu objezdu a dojd\u011bte po silnici s minim\u00e1ln\u00edm provozem do Ardales. U n\u00e1dra\u017e\u00ed v El Chorro je bar a restaurace, v Ardales pak restaurace, bar, supermarket, l\u00e9k\u00e1rna.<\/span><\/li>\n<li><span style=\"font-family: arial, helvetica, sans-serif; font-size: 20px;\"><strong>Na\u0161e ubytov\u00e1n\u00ed v El Chorro:<\/strong> horolezeck\u00e1 hacienda p\u0159es Airbnb Refugio de Escaladores El Chorro<\/span><span style=\"font-family: arial, helvetica, sans-serif; font-size: 20px;\"> (36 \u20ac\/dv\u011b l\u016f\u017eka ve spole\u010dn\u00e9m pokoji, je mo\u017en\u00e9 zakoupit sn\u00eddan\u011b\/ve\u010de\u0159e &#8211; odkaz je funk\u010dn\u00ed), <strong>ubytov\u00e1n\u00ed v Ardales<\/strong>: p\u0159es Airbnb kr\u00e1sn\u00fd byt v centru m\u011bsta s kuchy\u0148kou, pra\u010dkou, wifi Apartamentu El Burgos Deluxe(36 \u20ac\/2 osoby &#8211; odkaz je funk\u010dn\u00ed).<br \/>\n<\/span><\/li>\n<\/ul>\nngg_shortcode_0_placeholder\n<p><span style=\"font-family: arial, helvetica, sans-serif; font-size: 20px;\"><strong>2. ARDALES &#8211; CUEVAS DEL BECERRO (21 KM)<\/strong><br \/>\n<\/span><\/p>\n<figure id=\"attachment_5173\" aria-describedby=\"caption-attachment-5173\" style=\"width: 300px\" class=\"wp-caption alignright\"><a href=\"http:\/\/zuzanahabanova.com\/wp-content\/uploads\/2019\/08\/02-Ardales-cuevas.jpg\" target=\"_blank\" rel=\"noopener noreferrer\"><img loading=\"lazy\" decoding=\"async\" class=\"wp-image-5173 size-medium\" src=\"http:\/\/zuzanahabanova.com\/wp-content\/uploads\/2019\/08\/02-Ardales-cuevas-300x91.jpg\" alt=\"\" width=\"300\" height=\"91\" srcset=\"https:\/\/zuzanahabanova.com\/wp-content\/uploads\/2019\/08\/02-Ardales-cuevas-300x91.jpg 300w, https:\/\/zuzanahabanova.com\/wp-content\/uploads\/2019\/08\/02-Ardales-cuevas-768x232.jpg 768w, https:\/\/zuzanahabanova.com\/wp-content\/uploads\/2019\/08\/02-Ardales-cuevas-644x194.jpg 644w, https:\/\/zuzanahabanova.com\/wp-content\/uploads\/2019\/08\/02-Ardales-cuevas-600x181.jpg 600w, https:\/\/zuzanahabanova.com\/wp-content\/uploads\/2019\/08\/02-Ardales-cuevas.jpg 1024w\" sizes=\"auto, (max-width: 300px) 100vw, 300px\" \/><\/a><figcaption id=\"caption-attachment-5173\" class=\"wp-caption-text\">Ardales &#8211; Cuevas del Becerro<\/figcaption><\/figure>\n<ul style=\"list-style-type: square;\">\n<li><span style=\"font-family: arial, helvetica, sans-serif; font-size: 20px;\">Dob\u0159e zna\u010den\u00e1 stezka mezi olivov\u00fdmi h\u00e1ji, haciendami, st\u00e1dy ove\u010dek, s n\u00e1dhern\u00fdmi v\u00fdhledy. <\/span><span style=\"font-family: arial, helvetica, sans-serif; font-size: 20px;\">Ve vesni\u010dce Serrato je p\u0159\u00edjemn\u00fd levn\u00fd bar, jinak v\u0161e najdeme a\u017e v Cuevas del Becerro (1600 obyv.), kter\u00e9 le\u017e\u00ed nedaleko GR7. <\/span><\/li>\n<li><span style=\"font-family: arial, helvetica, sans-serif; font-size: 20px;\"><strong>Na\u0161e ubytov\u00e1n\u00ed:<\/strong> p\u0159es booking.com v Cuevas del Becerro <a href=\"https:\/\/www.booking.com\/hotel\/es\/rural-el-castillejo.en-gb.html?aid=376392;label=bookings-name-gv93XFTmPT9AJQyZsMun4AS267754336469%3Apl%3Ata%3Ap1%3Ap22.543.000%3Aac%3Aap1t1%3Aneg%3Afi%3Atikwd-65526620%3Alp21494%3Ali%3Adec%3Adm;sid=f982e161a1f8c521c3103ddd2044de9c;dest_id=-379568;dest_type=city;dist=0;group_adults=2;group_children=0;hapos=1;hpos=1;no_rooms=1;room1=A%2CA;sb_price_type=total;sr_order=popularity;srepoch=1573383979;srpvid=c5ea4e15ebaa0120;type=total;ucfs=1&amp;#hotelTmpl\" target=\"_blank\" rel=\"noopener noreferrer\">Hotel Rural El Castillejo<\/a> (48 \u20ac\/dvojl\u016f\u017ekov\u00fd pokoj).<\/span><\/li>\n<\/ul>\nngg_shortcode_1_placeholder\n<p><strong><span style=\"font-family: arial, helvetica, sans-serif; font-size: 20px;\">3. CUEVAS DEL BECERRO \u2013 ARRIATE (15 KM)<\/span><\/strong><\/p>\n<figure id=\"attachment_5174\" aria-describedby=\"caption-attachment-5174\" style=\"width: 300px\" class=\"wp-caption alignright\"><a href=\"http:\/\/zuzanahabanova.com\/wp-content\/uploads\/2019\/08\/03-cuevas-arriate_n.jpg\" target=\"_blank\" rel=\"noopener noreferrer\"><img loading=\"lazy\" decoding=\"async\" class=\"wp-image-5174 size-medium\" src=\"http:\/\/zuzanahabanova.com\/wp-content\/uploads\/2019\/08\/03-cuevas-arriate_n-300x89.jpg\" alt=\"\" width=\"300\" height=\"89\" srcset=\"https:\/\/zuzanahabanova.com\/wp-content\/uploads\/2019\/08\/03-cuevas-arriate_n-300x89.jpg 300w, https:\/\/zuzanahabanova.com\/wp-content\/uploads\/2019\/08\/03-cuevas-arriate_n-768x228.jpg 768w, https:\/\/zuzanahabanova.com\/wp-content\/uploads\/2019\/08\/03-cuevas-arriate_n-644x191.jpg 644w, https:\/\/zuzanahabanova.com\/wp-content\/uploads\/2019\/08\/03-cuevas-arriate_n-600x178.jpg 600w, https:\/\/zuzanahabanova.com\/wp-content\/uploads\/2019\/08\/03-cuevas-arriate_n.jpg 1024w\" sizes=\"auto, (max-width: 300px) 100vw, 300px\" \/><\/a><figcaption id=\"caption-attachment-5174\" class=\"wp-caption-text\">Cuevas del Becerro &#8211; Arriate<\/figcaption><\/figure>\n<ul style=\"list-style-type: square;\">\n<li><span style=\"font-family: arial, helvetica, sans-serif; font-size: 20px;\">Z Cuevas del Becerro se vrac\u00edme zp\u011bt na GR7, cesta vede p\u0159\u00edjemnou krajinou, pak v\u0161ak navazuje na \u00fanavnou, frekventovanou silnici a\u017e do odbo\u010dky na Arriate (4150 obyv.). Ubytov\u00e1n\u00ed, bary, supermarkety jsou k dispozici a\u017e v Arriate. Z\u00e1\u017eitkem je n\u00e1v\u0161t\u011bva prav\u00e9 andalusk\u00e9 hospody u autobusov\u00e9 zast\u00e1vky do Rondy. Z d\u016fvodu velmi \u0161patn\u00e9ho po\u010das\u00ed nepokra\u010dujeme d\u00e1l.<br \/>\n<\/span><\/li>\n<li><span style=\"font-family: arial, helvetica, sans-serif; font-size: 20px;\"><strong>Na\u0161e ubytov\u00e1n\u00ed:<\/strong> p\u0159es booking.com <a href=\"https:\/\/www.booking.com\/hotel\/es\/hoteles-con-embrujo.en-gb.html?aid=376392;label=bookings-name-gv93XFTmPT9AJQyZsMun4AS267754336469%3Apl%3Ata%3Ap1%3Ap22.543.000%3Aac%3Aap1t1%3Aneg%3Afi%3Atikwd-65526620%3Alp21494%3Ali%3Adec%3Adm;sid=f982e161a1f8c521c3103ddd2044de9c;dest_id=-371587;dest_type=city;dist=0;group_adults=2;group_children=0;hapos=1;hpos=1;no_rooms=1;room1=A%2CA;sb_price_type=total;sr_order=popularity;srepoch=1573128989;srpvid=f496564ea576004b;type=total;ucfs=1&amp;#hotelTmpl\" target=\"_blank\" rel=\"noopener noreferrer\">Hotel &amp; Spa PLAZA Arriate<\/a> (52 \u20ac\/dvojl\u016f\u017ekov\u00fd pokoj se sn\u00eddan\u00ed).<\/span><\/li>\n<\/ul>\nngg_shortcode_2_placeholder\n<p><strong><span style=\"font-family: arial, helvetica, sans-serif; font-size: 20px;\">4. ARRIATE &#8211; RONDA (10 KM)<\/span><\/strong><\/p>\n<figure id=\"attachment_5175\" aria-describedby=\"caption-attachment-5175\" style=\"width: 300px\" class=\"wp-caption alignright\"><a href=\"http:\/\/zuzanahabanova.com\/wp-content\/uploads\/2019\/08\/04-Arriate-rond.jpg\" target=\"_blank\" rel=\"noopener noreferrer\"><img loading=\"lazy\" decoding=\"async\" class=\"wp-image-5175 size-medium\" src=\"http:\/\/zuzanahabanova.com\/wp-content\/uploads\/2019\/08\/04-Arriate-rond-300x81.jpg\" alt=\"\" width=\"300\" height=\"81\" srcset=\"https:\/\/zuzanahabanova.com\/wp-content\/uploads\/2019\/08\/04-Arriate-rond-300x81.jpg 300w, https:\/\/zuzanahabanova.com\/wp-content\/uploads\/2019\/08\/04-Arriate-rond-768x209.jpg 768w, https:\/\/zuzanahabanova.com\/wp-content\/uploads\/2019\/08\/04-Arriate-rond-644x175.jpg 644w, https:\/\/zuzanahabanova.com\/wp-content\/uploads\/2019\/08\/04-Arriate-rond-600x163.jpg 600w, https:\/\/zuzanahabanova.com\/wp-content\/uploads\/2019\/08\/04-Arriate-rond.jpg 1024w\" sizes=\"auto, (max-width: 300px) 100vw, 300px\" \/><\/a><figcaption id=\"caption-attachment-5175\" class=\"wp-caption-text\">Arriate &#8211; Ronda<\/figcaption><\/figure>\n<ul style=\"list-style-type: square;\">\n<li><span style=\"font-family: arial, helvetica, sans-serif; font-size: 20px;\">Cesta m\u00edrn\u011b zvln\u011bnou krajinou okolo kr\u00e1sn\u00e9 historick\u00e9 Rondy (36000 obyv.), kde se zastav\u00edme a p\u0159enocujeme. Je zde ve\u0161ker\u00e9 z\u00e1zem\u00ed, Ronda je v\u0161ak pln\u00e1 turist\u016f a ne zrovna levn\u00e1. <\/span><\/li>\n<li><span style=\"font-family: arial, helvetica, sans-serif; font-size: 20px;\"><strong>Na\u0161e ubytov\u00e1n\u00ed:<\/strong>&nbsp; p\u0159es booking.com <a href=\"https:\/\/www.booking.com\/hotel\/es\/hostal-ronda-sol.en-gb.html?aid=376392;label=bookings-name-gv93XFTmPT9AJQyZsMun4AS267754336469%3Apl%3Ata%3Ap1%3Ap22.543.000%3Aac%3Aap1t1%3Aneg%3Afi%3Atikwd-65526620%3Alp21494%3Ali%3Adec%3Adm;sid=f982e161a1f8c521c3103ddd2044de9c;srpvid=33be59f519c40222&amp;\" target=\"_blank\" rel=\"noopener noreferrer\">Pensi\u00f3n Ronda Sol<\/a> (45 \u20ac\/dvojl\u016f\u017ekov\u00fd pokoj).<\/span><\/li>\n<\/ul>\nngg_shortcode_3_placeholder\n<p><strong><span style=\"font-family: arial, helvetica, sans-serif; font-size: 20px;\">5. RONDA \u2013 MONTEJAQUE (20 KM)<\/span><\/strong><\/p>\n<figure id=\"attachment_5176\" aria-describedby=\"caption-attachment-5176\" style=\"width: 300px\" class=\"wp-caption alignright\"><a href=\"http:\/\/zuzanahabanova.com\/wp-content\/uploads\/2019\/08\/05-Ronda-Montejaque.jpg\" target=\"_blank\" rel=\"noopener noreferrer\"><img loading=\"lazy\" decoding=\"async\" class=\"wp-image-5176 size-medium\" src=\"http:\/\/zuzanahabanova.com\/wp-content\/uploads\/2019\/08\/05-Ronda-Montejaque-300x89.jpg\" alt=\"\" width=\"300\" height=\"89\" srcset=\"https:\/\/zuzanahabanova.com\/wp-content\/uploads\/2019\/08\/05-Ronda-Montejaque-300x89.jpg 300w, https:\/\/zuzanahabanova.com\/wp-content\/uploads\/2019\/08\/05-Ronda-Montejaque-768x228.jpg 768w, https:\/\/zuzanahabanova.com\/wp-content\/uploads\/2019\/08\/05-Ronda-Montejaque-644x191.jpg 644w, https:\/\/zuzanahabanova.com\/wp-content\/uploads\/2019\/08\/05-Ronda-Montejaque-600x178.jpg 600w, https:\/\/zuzanahabanova.com\/wp-content\/uploads\/2019\/08\/05-Ronda-Montejaque.jpg 1024w\" sizes=\"auto, (max-width: 300px) 100vw, 300px\" \/><\/a><figcaption id=\"caption-attachment-5176\" class=\"wp-caption-text\">Ronda &#8211; Montejaque<\/figcaption><\/figure>\n<ul style=\"list-style-type: square;\">\n<li><span style=\"font-family: arial, helvetica, sans-serif; font-size: 20px;\">Po GR7 je to kr\u00e1tk\u00fd (11 km), av\u0161ak velmi t\u011b\u017ek\u00fd hornat\u00fd \u00fasek. Kluzk\u00e1 dl\u00e1\u017ed\u011bn\u00e1 cesta vede okolo \u00fachvatn\u00e9ho Puente Nuevo, odtud m\u00e1me most jako na dlani. Potom do strm\u00e9ho kopce, zp\u011bt dol\u016f do \u00fadol\u00ed se n\u00e1m stezka ztr\u00e1c\u00ed, jdeme tedy po pr\u00e1zdn\u00e9 silnici. V \u00fadol\u00ed je p\u0159\u00edjemn\u00fd bar. GR7 pokra\u010duje lesn\u00ed cestou, kter\u00e1 je v\u0161ak po de\u0161ti nesch\u016fdn\u00e1. I kdy\u017e je to velkl\u00e1 zach\u00e1zka, na radu jin\u00fdch turist\u016f do c\u00edle dojdeme rychle a pohodln\u011b po nefrekventovan\u00e9 silnici. V z\u00e1v\u011bru mus\u00edme vy\u0161lapat strm\u00fd dlouh\u00fd kopec. Montejaque (1050 obyv.) pat\u0159\u00ed mezi na\u0161e nejkr\u00e1sn\u011bj\u0161\u00ed los blancos pueblos (b\u00edl\u00e9 vesnice). Je zde ve\u0161ker\u00e9 z\u00e1zem\u00ed.<\/span><\/li>\n<li><span style=\"font-family: arial, helvetica, sans-serif; font-size: 20px;\"><strong>Na\u0161e ubytov\u00e1n\u00ed:<\/strong> p\u0159es booking.com&nbsp; <a href=\"https:\/\/www.booking.com\/hotel\/es\/palacete-de-manara.en-gb.html?aid=376392;label=bookings-name-gv93XFTmPT9AJQyZsMun4AS267754336469%3Apl%3Ata%3Ap1%3Ap22.543.000%3Aac%3Aap1t1%3Aneg%3Afi%3Atikwd-65526620%3Alp21494%3Ali%3Adec%3Adm;sid=f982e161a1f8c521c3103ddd2044de9c;srpvid=33be59f519c40222&amp;\" target=\"_blank\" rel=\"noopener noreferrer\">Hotel Palacete de Ma\u00f1ara<\/a> (55 \u20ac\/dvojl\u016f\u017ekov\u00fd pokoj), sou\u010d\u00e1st\u00ed je restaurace.<\/span><\/li>\n<\/ul>\nngg_shortcode_4_placeholder\n<p><strong><span style=\"font-family: arial, helvetica, sans-serif; font-size: 20px;\">6. MONTEJAQUE &#8211; UBRIQUE<\/span><\/strong><\/p>\n<figure id=\"attachment_5177\" aria-describedby=\"caption-attachment-5177\" style=\"width: 300px\" class=\"wp-caption alignright\"><a href=\"http:\/\/zuzanahabanova.com\/wp-content\/uploads\/2019\/08\/06-Montejaque-Ubrique.jpg\" target=\"_blank\" rel=\"noopener noreferrer\"><img loading=\"lazy\" decoding=\"async\" class=\"wp-image-5177 size-medium\" src=\"http:\/\/zuzanahabanova.com\/wp-content\/uploads\/2019\/08\/06-Montejaque-Ubrique-300x105.jpg\" alt=\"\" width=\"300\" height=\"105\" srcset=\"https:\/\/zuzanahabanova.com\/wp-content\/uploads\/2019\/08\/06-Montejaque-Ubrique-300x105.jpg 300w, https:\/\/zuzanahabanova.com\/wp-content\/uploads\/2019\/08\/06-Montejaque-Ubrique-768x269.jpg 768w, https:\/\/zuzanahabanova.com\/wp-content\/uploads\/2019\/08\/06-Montejaque-Ubrique-644x226.jpg 644w, https:\/\/zuzanahabanova.com\/wp-content\/uploads\/2019\/08\/06-Montejaque-Ubrique-600x210.jpg 600w, https:\/\/zuzanahabanova.com\/wp-content\/uploads\/2019\/08\/06-Montejaque-Ubrique.jpg 1024w\" sizes=\"auto, (max-width: 300px) 100vw, 300px\" \/><\/a><figcaption id=\"caption-attachment-5177\" class=\"wp-caption-text\">Montejaque &#8211; Ubrique po GR7<\/figcaption><\/figure>\n<ul style=\"list-style-type: square;\">\n<li><span style=\"font-family: arial, helvetica, sans-serif; font-size: 20px;\">Po GR7 je to 28 km p\u0159es n\u00e1rodn\u00ed park Sierra del Grazalema. Po cest\u011b jsou vesni\u010dky Benaocaz (750 obyv.) a Villaluenga del Rosario (485 obyv.), v obou je ubytov\u00e1n\u00ed, bar a obchod. Bohu\u017eel po\u010das\u00ed je \u0161patn\u00e9, hust\u011b pr\u0161\u00ed, m\u00edstn\u00ed n\u00e1m cestu horami nedoporu\u010duj\u00ed. Rann\u00edm autobusem se vrac\u00edme do Rondy a odtud do Ubrique (16 870 obyv.). I p\u0159es rann\u00ed teploty 5 \u2103 n\u00e1m po\u010das\u00ed kone\u010dn\u011b za\u010dne p\u0159\u00e1t. Ve m\u011bst\u011b je ve\u0161ker\u00e9 z\u00e1zem\u00ed.<\/span><\/li>\n<li><span style=\"font-family: arial, helvetica, sans-serif; font-size: 20px;\"><strong>Na\u0161e ubytov\u00e1n\u00ed:<\/strong> p\u0159es booking.com kr\u00e1sn\u00fd byt s kuchyn\u00ed <a href=\"https:\/\/www.booking.com\/hotel\/es\/casa-emilia.en-gb.html?aid=376392;label=bookings-name-gv93XFTmPT9AJQyZsMun4AS267754336469%3Apl%3Ata%3Ap1%3Ap22.543.000%3Aac%3Aap1t1%3Aneg%3Afi%3Atikwd-65526620%3Alp21494%3Ali%3Adec%3Adm;sid=f982e161a1f8c521c3103ddd2044de9c;srpvid=6b1c624d1adf020b&amp;\" target=\"_blank\" rel=\"noopener noreferrer\">Casa Emilia <\/a>(54 \u20ac\/dvojl\u016f\u017ekov\u00fd pokoj), majitelka n\u00e1s p\u0159iv\u00edt\u00e1 sklenkou skv\u011bl\u00e9ho v\u00edna.<br \/>\n<\/span><\/li>\n<\/ul>\nngg_shortcode_5_placeholder\n<figure id=\"attachment_5178\" aria-describedby=\"caption-attachment-5178\" style=\"width: 300px\" class=\"wp-caption alignright\"><a href=\"http:\/\/zuzanahabanova.com\/wp-content\/uploads\/2019\/08\/07-ubrique-jimena.jpg\" target=\"_blank\" rel=\"noopener noreferrer\"><img loading=\"lazy\" decoding=\"async\" class=\"wp-image-5178 size-medium\" src=\"http:\/\/zuzanahabanova.com\/wp-content\/uploads\/2019\/08\/07-ubrique-jimena-300x91.jpg\" alt=\"\" width=\"300\" height=\"91\" srcset=\"https:\/\/zuzanahabanova.com\/wp-content\/uploads\/2019\/08\/07-ubrique-jimena-300x91.jpg 300w, https:\/\/zuzanahabanova.com\/wp-content\/uploads\/2019\/08\/07-ubrique-jimena-768x234.jpg 768w, https:\/\/zuzanahabanova.com\/wp-content\/uploads\/2019\/08\/07-ubrique-jimena-644x196.jpg 644w, https:\/\/zuzanahabanova.com\/wp-content\/uploads\/2019\/08\/07-ubrique-jimena-600x183.jpg 600w, https:\/\/zuzanahabanova.com\/wp-content\/uploads\/2019\/08\/07-ubrique-jimena.jpg 1024w\" sizes=\"auto, (max-width: 300px) 100vw, 300px\" \/><\/a><figcaption id=\"caption-attachment-5178\" class=\"wp-caption-text\">Ubrique &#8211; Jimena de la Frontera po GR7<\/figcaption><\/figure>\n<p><span style=\"font-family: arial, helvetica, sans-serif; font-size: 20px;\">V Ubrique v\u0161ak nast\u00e1v\u00e1 probl\u00e9m. N\u00e1sleduj\u00edc\u00ed \u00fasek Ubrique \u2013 Jimena de la Frontera (35 km) vede horami, kde nen\u00ed \u017e\u00e1dn\u00e1 mo\u017enost ubytov\u00e1n\u00ed. T\u011b\u017ek\u00fd ter\u00e9n s velk\u00fdm p\u0159ev\u00fd\u0161en\u00edm nejsme schopni za jeden den uj\u00edt (jsem skoro nevidom\u00e1, t\u00e1ta 65 let), proto jej po okresn\u00edch silni\u010dk\u00e1ch obch\u00e1z\u00edme. Jsou to sice dva dny nav\u00edc, ale p\u016fjdeme jednou z nekr\u00e1sn\u011bj\u0161\u00edch oblast\u00ed na\u0161eho putov\u00e1n\u00ed.<\/span><\/p>\n<p>&nbsp;<\/p>\n<p><span style=\"font-family: arial, helvetica, sans-serif; font-size: 20px;\"><strong>7. UBIRQUE \u2013 CORTES DE LA FRONTERA (25 KM)<\/strong><br \/>\n<\/span><\/p>\n<figure id=\"attachment_5165\" aria-describedby=\"caption-attachment-5165\" style=\"width: 300px\" class=\"wp-caption alignright\"><a href=\"http:\/\/zuzanahabanova.com\/wp-content\/uploads\/2019\/08\/6a-Ubrique-cortes..jpg\" target=\"_blank\" rel=\"noopener noreferrer\"><img loading=\"lazy\" decoding=\"async\" class=\"wp-image-5165 size-medium\" src=\"http:\/\/zuzanahabanova.com\/wp-content\/uploads\/2019\/08\/6a-Ubrique-cortes.-300x86.jpg\" alt=\"\" width=\"300\" height=\"86\" srcset=\"https:\/\/zuzanahabanova.com\/wp-content\/uploads\/2019\/08\/6a-Ubrique-cortes.-300x86.jpg 300w, https:\/\/zuzanahabanova.com\/wp-content\/uploads\/2019\/08\/6a-Ubrique-cortes.-768x221.jpg 768w, https:\/\/zuzanahabanova.com\/wp-content\/uploads\/2019\/08\/6a-Ubrique-cortes.-644x185.jpg 644w, https:\/\/zuzanahabanova.com\/wp-content\/uploads\/2019\/08\/6a-Ubrique-cortes.-600x172.jpg 600w, https:\/\/zuzanahabanova.com\/wp-content\/uploads\/2019\/08\/6a-Ubrique-cortes..jpg 1024w\" sizes=\"auto, (max-width: 300px) 100vw, 300px\" \/><\/a><figcaption id=\"caption-attachment-5165\" class=\"wp-caption-text\">Ubrique &#8211; Cortes de la Frontera<\/figcaption><\/figure>\n<ul style=\"list-style-type: square;\">\n<li><span style=\"font-family: arial, helvetica, sans-serif; font-size: 20px;\">Po GR 7 do dlouh\u00e9ho kopce s velk\u00fdm p\u0159ev\u00fd\u0161en\u00edm, odkud m\u00e1me \u00fa\u017easn\u00fd v\u00fdhled na Ubrique a okoln\u00ed hory. Kdy\u017e se GR7 prudce st\u00e1\u010d\u00ed doprava, my pokra\u010dujeme rovn\u011b po pr\u00e1zdn\u00e9 silnici zvln\u011bnou krajinou a pak dol\u016f do Cortes de la Frontera (1381 obyv.). V\u0161ude okolo rostou mohutn\u00e9 korkovn\u00edky, v\u00fdhledy na rozeklan\u00e9 hory jsou naprosto fantastick\u00e9. Cortes de la Frontera je pro n\u00e1s jedna z nejkr\u00e1sn\u011bj\u0161\u00edch b\u00edl\u00fdch vesni\u010dek. Po cest\u011b je jen jeden zav\u0159en\u00fd bar. Bary a supermarket v Cortes de la Frontera.&nbsp; <\/span><\/li>\n<li><span style=\"font-family: arial, helvetica, sans-serif; font-size: 20px;\"><strong>Na\u0161e ubytov\u00e1n\u00ed:<\/strong> p\u0159es booking.com n\u00e1dhern\u00fd prostorn\u00fd apartm\u00e1n s kuchyn\u00ed <a href=\"https:\/\/www.booking.com\/hotel\/es\/cortes-de-la-fronterra-townhouse.en-gb.html?aid=376392;label=bookings-name-gv93XFTmPT9AJQyZsMun4AS267754336469%3Apl%3Ata%3Ap1%3Ap22.544.000%3Aac%3Aap1t1%3Aneg%3Afi%3Atikwd-65526620%3Alp21494%3Ali%3Adec%3Adm;sid=f982e161a1f8c521c3103ddd2044de9c\" target=\"_blank\" rel=\"noopener noreferrer\">Cortes de la Frontera Townhouse<\/a> (55 \u20ac\/dv\u011b osoby).<\/span><\/li>\n<\/ul>\nngg_shortcode_6_placeholder\n<p><strong><span style=\"font-family: arial, helvetica, sans-serif; font-size: 20px;\">8. CORTES DE LA FRONTERA \u2013 GAUC\u00cdN (20 KM)<\/span><\/strong><\/p>\n<figure id=\"attachment_5169\" aria-describedby=\"caption-attachment-5169\" style=\"width: 300px\" class=\"wp-caption alignright\"><a href=\"http:\/\/zuzanahabanova.com\/wp-content\/uploads\/2019\/08\/6b-cortes-gauc\u00edn.jpg\" target=\"_blank\" rel=\"noopener noreferrer\"><img loading=\"lazy\" decoding=\"async\" class=\"wp-image-5169 size-medium\" src=\"http:\/\/zuzanahabanova.com\/wp-content\/uploads\/2019\/08\/6b-cortes-gauc\u00edn-300x84.jpg\" alt=\"\" width=\"300\" height=\"84\" srcset=\"https:\/\/zuzanahabanova.com\/wp-content\/uploads\/2019\/08\/6b-cortes-gauc\u00edn-300x84.jpg 300w, https:\/\/zuzanahabanova.com\/wp-content\/uploads\/2019\/08\/6b-cortes-gauc\u00edn-768x215.jpg 768w, https:\/\/zuzanahabanova.com\/wp-content\/uploads\/2019\/08\/6b-cortes-gauc\u00edn-644x180.jpg 644w, https:\/\/zuzanahabanova.com\/wp-content\/uploads\/2019\/08\/6b-cortes-gauc\u00edn-600x168.jpg 600w, https:\/\/zuzanahabanova.com\/wp-content\/uploads\/2019\/08\/6b-cortes-gauc\u00edn.jpg 1024w\" sizes=\"auto, (max-width: 300px) 100vw, 300px\" \/><\/a><figcaption id=\"caption-attachment-5169\" class=\"wp-caption-text\">Cortes de la Frontera &#8211; Gauc\u00edn<\/figcaption><\/figure>\n<ul style=\"list-style-type: square;\">\n<li><span style=\"font-family: arial, helvetica, sans-serif; font-size: 20px;\">N\u00e1dhern\u00e1 cesta z\/do kopc\u016f po silni\u010dk\u00e1ch s minim\u00e1ln\u00edm provozem, \u00fachvatn\u00e9 v\u00fdhledy na okoln\u00ed hory, krajinu a b\u00edl\u00e9 vesni\u010dky. Chv\u00edli p\u0159ed Gauc\u00ednem (1570 obyv.) je nutn\u00e9 j\u00edt po frekventovan\u00e9 silnici. <\/span><span style=\"font-family: arial, helvetica, sans-serif; font-size: 20px;\">Po cest\u011b je bar v m\u011bste\u010dku La Canada del Real Tesoro, v kopci u cesty drah\u00e1 restaurace. Supermarket a bar v Gauc\u00ednu, restaurace hned vedle hostelu Brenaverde.<\/span><\/li>\n<li><span style=\"font-family: arial, helvetica, sans-serif; font-size: 20px;\"><strong>Na\u0161e ubytov\u00e1n\u00ed:<\/strong> p\u0159es booking.com, velmi prostorn\u00fd pokoj v motelu <a href=\"https:\/\/www.booking.com\/hotel\/es\/hostal-brenaverde.en-gb.html?aid=376392;label=bookings-name-gv93XFTmPT9AJQyZsMun4AS267754336469%3Apl%3Ata%3Ap1%3Ap22.544.000%3Aac%3Aap1t1%3Aneg%3Afi%3Atikwd-65526620%3Alp21494%3Ali%3Adec%3Adm;sid=f982e161a1f8c521c3103ddd2044de9c\" target=\"_blank\" rel=\"noopener noreferrer\">Hostal Brenaverde<\/a> (50 \u20ac\/dv\u011b osoby), nach\u00e1z\u00ed se cca 2 km za Gauc\u00ednem.<br \/>\n<\/span><\/li>\n<\/ul>\nngg_shortcode_7_placeholder\n<p><strong><span style=\"font-family: arial, helvetica, sans-serif; font-size: 20px;\">9. GAUC\u00cdN \u2013 JIMENA DE LA FRONTERA (22 KM)<\/span><\/strong><\/p>\n<figure id=\"attachment_5180\" aria-describedby=\"caption-attachment-5180\" style=\"width: 300px\" class=\"wp-caption alignright\"><a href=\"http:\/\/zuzanahabanova.com\/wp-content\/uploads\/2019\/08\/10gauc\u00edn-jimena.jpg\" target=\"_blank\" rel=\"noopener noreferrer\"><img loading=\"lazy\" decoding=\"async\" class=\"wp-image-5180 size-medium\" src=\"http:\/\/zuzanahabanova.com\/wp-content\/uploads\/2019\/08\/10gauc\u00edn-jimena-300x86.jpg\" alt=\"\" width=\"300\" height=\"86\" srcset=\"https:\/\/zuzanahabanova.com\/wp-content\/uploads\/2019\/08\/10gauc\u00edn-jimena-300x86.jpg 300w, https:\/\/zuzanahabanova.com\/wp-content\/uploads\/2019\/08\/10gauc\u00edn-jimena-768x221.jpg 768w, https:\/\/zuzanahabanova.com\/wp-content\/uploads\/2019\/08\/10gauc\u00edn-jimena-644x185.jpg 644w, https:\/\/zuzanahabanova.com\/wp-content\/uploads\/2019\/08\/10gauc\u00edn-jimena-600x172.jpg 600w, https:\/\/zuzanahabanova.com\/wp-content\/uploads\/2019\/08\/10gauc\u00edn-jimena.jpg 1024w\" sizes=\"auto, (max-width: 300px) 100vw, 300px\" \/><\/a><figcaption id=\"caption-attachment-5180\" class=\"wp-caption-text\">Gauc\u00edn &#8211; Jimena de la Frontera<\/figcaption><\/figure>\n<ul style=\"list-style-type: square;\">\n<li><span style=\"font-family: arial, helvetica, sans-serif; font-size: 20px;\">Opou\u0161t\u00edme hory, po rovn\u00fdch st\u0159edn\u011b frekventovan\u00fdch cest\u00e1ch dojdeme do Jimena de la Frontera (10 500 obyv.). Je to hezk\u00e9 b\u00edl\u00e9 m\u011bste\u010dko s hradem. Po cest\u011b je jeden bar, jinak ve\u0161ker\u00e9 z\u00e1zem\u00ed v Jimena de la F.<\/span><\/li>\n<li><span style=\"font-family: arial, helvetica, sans-serif; font-size: 20px;\"><strong>Na\u0161e ubytov\u00e1n\u00ed:<\/strong> p\u0159es booking, jedno z nejzaj\u00edmav\u011bj\u0161\u00edch ubytov\u00e1n\u00ed, jak\u00e9 jsem v \u017eivot\u011b nav\u0161t\u00edvila. Hobit\u00ed hotel s n\u00e1dhern\u00fdmi dekoracemi. Je mo\u017eno vyu\u017e\u00edt perfektn\u011b za\u0159\u00edzenou kuchy\u0148. Toto ubytov\u00e1n\u00ed si opravdu nenechte uj\u00edt, je to nezapomenuteln\u00fd z\u00e1\u017eitek! Hned naproti je obchod. <a href=\"https:\/\/www.booking.com\/hotel\/es\/posada-la-casa-grande.en-gb.html?aid=376392;label=bookings-name-gv93XFTmPT9AJQyZsMun4AS267754336469%3Apl%3Ata%3Ap1%3Ap22.544.000%3Aac%3Aap1t1%3Aneg%3Afi%3Atikwd-65526620%3Alp21494%3Ali%3Adec%3Adm;sid=f982e161a1f8c521c3103ddd2044de9c\" target=\"_blank\" rel=\"noopener noreferrer\">Posada La Casa Grande<\/a>&nbsp; (55 \u20ac\/dv\u011b osoby).<\/span><\/li>\n<\/ul>\nngg_shortcode_8_placeholder\n<p><strong><span style=\"font-family: arial, helvetica, sans-serif; font-size: 20px;\">10. JIMENA DE LA FRONTERA \u2013 CASTILLO DE CASTELLAR (20 KM)<\/span><\/strong><\/p>\n<figure id=\"attachment_5208\" aria-describedby=\"caption-attachment-5208\" style=\"width: 300px\" class=\"wp-caption alignright\"><a href=\"http:\/\/zuzanahabanova.com\/wp-content\/uploads\/2019\/08\/11-jimena-castillo.jpg\" target=\"_blank\" rel=\"noopener noreferrer\"><img loading=\"lazy\" decoding=\"async\" class=\"wp-image-5208 size-medium\" src=\"http:\/\/zuzanahabanova.com\/wp-content\/uploads\/2019\/08\/11-jimena-castillo-300x86.jpg\" alt=\"\" width=\"300\" height=\"86\" srcset=\"https:\/\/zuzanahabanova.com\/wp-content\/uploads\/2019\/08\/11-jimena-castillo-300x86.jpg 300w, https:\/\/zuzanahabanova.com\/wp-content\/uploads\/2019\/08\/11-jimena-castillo-768x221.jpg 768w, https:\/\/zuzanahabanova.com\/wp-content\/uploads\/2019\/08\/11-jimena-castillo-644x185.jpg 644w, https:\/\/zuzanahabanova.com\/wp-content\/uploads\/2019\/08\/11-jimena-castillo-600x172.jpg 600w, https:\/\/zuzanahabanova.com\/wp-content\/uploads\/2019\/08\/11-jimena-castillo.jpg 1024w\" sizes=\"auto, (max-width: 300px) 100vw, 300px\" \/><\/a><figcaption id=\"caption-attachment-5208\" class=\"wp-caption-text\">Jimena de la Frontera &#8211; Castillo de Castellar<\/figcaption><\/figure>\n<ul style=\"list-style-type: square;\">\n<li><span style=\"font-family: arial, helvetica, sans-serif; font-size: 20px;\">Jsme zp\u011bt na GR7. P\u0159\u00edjemn\u00fd korkovn\u00edkov\u00fd h\u00e1j st\u0159\u00edd\u00e1 dlouh\u00e1 nudn\u00e1 cesta mezi poli. Na z\u00e1v\u011br prudk\u00e9 stoup\u00e1n\u00ed k hradu Castellar. Na cest\u011b potk\u00e1v\u00e1me prvn\u00ed poutn\u00edky z Rakouska, kte\u0159\u00ed jdou do Tarify tak\u00e9 v protism\u011bru. Po cel\u00e9 cest\u011b nen\u00ed \u017e\u00e1dn\u00e1 mo\u017enost ob\u010derstven\u00ed. A\u017e v Castillo de Castellar (2400 obyv.) nach\u00e1z\u00edme levn\u00fd bar Al Andalus, na hrad\u011b pak luxusn\u00ed restauraci. M\u00edstn\u00ed obch\u016fdek je zav\u0159en\u00fd (duben 2019).Je to velmi turistick\u00e9 m\u00edsto.<br \/>\n<\/span><\/li>\n<li><span style=\"font-family: arial, helvetica, sans-serif; font-size: 20px;\"><span style=\"font-family: arial, helvetica, sans-serif; font-size: 20px;\"><strong>Na\u0161e ubytov\u00e1n\u00ed:<\/strong> p\u0159es booking.com, noc na hrad\u011b v popul\u00e1rn\u00edm hotelu <a href=\"https:\/\/www.booking.com\/hotel\/es\/tugasa-casas-rurales-castillo-de-castellar.en-gb.html?aid=304142;label=gen173nr-1DCAEoggI46AdIM1gEaDqIAQGYAQm4ARfIAQ_YAQPoAQGIAgGoAgO4AtbhnO4FwAIB;sid=f982e161a1f8c521c3103ddd2044de9c\" target=\"_blank\" rel=\"noopener noreferrer\">TUGASA Casas Rurales Castillo de Castellar<\/a> (55 \u20ac\/dv\u011b osoby), je opravdu nev\u0161edn\u00ed z\u00e1\u017eitek, kter\u00fd si nenechte uj\u00edt! V apartm\u00e1nech je k dispozici kuchy\u0148ka. R\u00e1no tu potk\u00e1v\u00e1me poutnici z Francie, kter\u00e1 m\u00ed\u0159\u00ed z Tarify do Antequery.<\/span><\/span>ngg_shortcode_9_placeholder<\/li>\n<\/ul>\n<p><span style=\"font-family: arial, helvetica, sans-serif; font-size: 20px;\"><strong>11. CASTILLO DE CASTELLAR \u2013 LOS BARRIOS (27 KM)<\/strong><br \/>\n<\/span><\/p>\n<figure id=\"attachment_5209\" aria-describedby=\"caption-attachment-5209\" style=\"width: 300px\" class=\"wp-caption alignright\"><a href=\"http:\/\/zuzanahabanova.com\/wp-content\/uploads\/2019\/08\/12-castillo-los-barrios.jpg\" target=\"_blank\" rel=\"noopener noreferrer\"><img loading=\"lazy\" decoding=\"async\" class=\"wp-image-5209 size-medium\" src=\"http:\/\/zuzanahabanova.com\/wp-content\/uploads\/2019\/08\/12-castillo-los-barrios-300x80.jpg\" alt=\"\" width=\"300\" height=\"80\" srcset=\"https:\/\/zuzanahabanova.com\/wp-content\/uploads\/2019\/08\/12-castillo-los-barrios-300x80.jpg 300w, https:\/\/zuzanahabanova.com\/wp-content\/uploads\/2019\/08\/12-castillo-los-barrios-768x205.jpg 768w, https:\/\/zuzanahabanova.com\/wp-content\/uploads\/2019\/08\/12-castillo-los-barrios-644x172.jpg 644w, https:\/\/zuzanahabanova.com\/wp-content\/uploads\/2019\/08\/12-castillo-los-barrios-600x160.jpg 600w, https:\/\/zuzanahabanova.com\/wp-content\/uploads\/2019\/08\/12-castillo-los-barrios.jpg 1024w\" sizes=\"auto, (max-width: 300px) 100vw, 300px\" \/><\/a><figcaption id=\"caption-attachment-5209\" class=\"wp-caption-text\">Castillo de Castellar &#8211; Los Barrios<\/figcaption><\/figure>\n<ul style=\"list-style-type: square;\">\n<li><span style=\"font-family: arial, helvetica, sans-serif; font-size: 20px;\">Z kopce dol\u016f, cestu si pak zjednodu\u0161ujeme po cyklostezce okolo frekventovan\u00e9 silnice. Chv\u00edli dokonce mus\u00edme j\u00edt nep\u0159\u00edjemn\u00fd \u00fasek po d\u00e1lnici! V okol\u00ed hn\u00edzd\u00ed mnoho \u010d\u00e1p\u016f. P\u0159ed Los Barrios (22 850 obyv.) mus\u00edme zdolat kr\u00e1tk\u00fd prudk\u00fd kopec. Po cest\u011b jsou bary, v Los Barrios najdeme ve\u0161ker\u00e9 z\u00e1zem\u00ed.<\/span><\/li>\n<li><span style=\"font-family: arial, helvetica, sans-serif; font-size: 20px;\"><span style=\"font-family: arial, helvetica, sans-serif; font-size: 20px;\"><strong>Na\u0161e ubytov\u00e1n\u00ed:<\/strong> p\u0159es booking.com <a href=\"https:\/\/www.booking.com\/hotel\/es\/real-los-barrios.en-gb.html?aid=304142;label=gen173nr-1DCAEoggI46AdIM1gEaDqIAQGYAQm4ARfIAQ_YAQPoAQGIAgGoAgO4AtbhnO4FwAIB;sid=f982e161a1f8c521c3103ddd2044de9c\" target=\"_blank\" rel=\"noopener noreferrer\">Hotel Real<\/a> (35 \u20ac\/dvojl\u016f\u017ekov\u00fd pokoj).<\/span><\/span><\/li>\n<\/ul>\nngg_shortcode_10_placeholder\n<p><strong><span style=\"font-size: 20px; font-family: arial, helvetica, sans-serif;\">12. LOS BARRIOS \u2013 HOTEL MES\u00d3N DE SANCHO (20 KM)<\/span><\/strong><\/p>\n<figure id=\"attachment_5211\" aria-describedby=\"caption-attachment-5211\" style=\"width: 300px\" class=\"wp-caption alignright\"><a href=\"http:\/\/zuzanahabanova.com\/wp-content\/uploads\/2019\/08\/13-los-barrios-hoteljpg.jpg\" target=\"_blank\" rel=\"noopener noreferrer\"><img loading=\"lazy\" decoding=\"async\" class=\"wp-image-5211 size-medium\" src=\"http:\/\/zuzanahabanova.com\/wp-content\/uploads\/2019\/08\/13-los-barrios-hoteljpg-300x86.jpg\" alt=\"\" width=\"300\" height=\"86\" srcset=\"https:\/\/zuzanahabanova.com\/wp-content\/uploads\/2019\/08\/13-los-barrios-hoteljpg-300x86.jpg 300w, https:\/\/zuzanahabanova.com\/wp-content\/uploads\/2019\/08\/13-los-barrios-hoteljpg-768x220.jpg 768w, https:\/\/zuzanahabanova.com\/wp-content\/uploads\/2019\/08\/13-los-barrios-hoteljpg-644x184.jpg 644w, https:\/\/zuzanahabanova.com\/wp-content\/uploads\/2019\/08\/13-los-barrios-hoteljpg-600x172.jpg 600w, https:\/\/zuzanahabanova.com\/wp-content\/uploads\/2019\/08\/13-los-barrios-hoteljpg.jpg 1024w\" sizes=\"auto, (max-width: 300px) 100vw, 300px\" \/><\/a><figcaption id=\"caption-attachment-5211\" class=\"wp-caption-text\">Los Barrios &#8211; Mes\u00f3n de Sancho<\/figcaption><\/figure>\n<ul>\n<li><span style=\"font-size: 20px; font-family: arial, helvetica, sans-serif;\">Posledn\u00ed dva dny ji\u017e neputujeme po GR7, proto\u017ee v \u00faseku Los Barrios \u2013 Tarifa (45 km) nemohu naj\u00edt ubytov\u00e1n\u00ed. Jdeme tedy na jih okolo n\u00e1rodn\u00edho parku se spoustou turist\u016f a hn\u00edzd\u00edc\u00edch \u010d\u00e1p\u016f, po silni\u010dk\u00e1ch a na z\u00e1v\u011br n\u011bkolik kilometr\u016f po frekventovan\u00e9 silnici E-5\/N-340 (Tarifa \u2013 Algeciras). Je odtud n\u00e1dhern\u00fd v\u00fdhled na Gibraltar. Po cest\u011b je bar, dal\u0161\u00ed u silnice ve vesnici El Pelayo, odkud to k na\u0161emu hotelu 4 km (sm\u011br Tarifa). P\u0159ekvapen\u00edm je kolemjdouc\u00ed turista a poutnici z N\u011bmecka, kter\u00e9 potk\u00e1v\u00e1me na&nbsp; frekventovan\u00e9 silnici. <\/span><\/li>\n<li><span style=\"font-size: 20px; font-family: arial, helvetica, sans-serif;\"><strong>Na\u0161e ubytov\u00e1n\u00ed.<\/strong> p\u0159es booking.com luxusn\u00ed motel <a href=\"https:\/\/www.booking.com\/hotel\/es\/meson-de-sancho.en-gb.html?aid=304142;label=gen173nr-1DCAEoggI46AdIM1gEaDqIAQGYAQm4ARfIAQ_YAQPoAQGIAgGoAgO4AtbhnO4FwAIB;sid=f982e161a1f8c521c3103ddd2044de9c\" target=\"_blank\" rel=\"noopener noreferrer\">Mes\u00f3n de Sancho<\/a>&nbsp; (45 \u20ac\/dvojl\u016f\u017ekov\u00fd pokoj), v motelu je pom\u011brn\u011b drah\u00e1 restaurace.<\/span><\/li>\n<li>ngg_shortcode_11_placeholder<\/li>\n<\/ul>\n<p><span style=\"font-size: 20px; font-family: arial, helvetica, sans-serif;\"><strong>13. MES\u00d3N DE SANCHO (EL PELAYO) \u2013 TARIFA (22 KM)<\/strong><br \/>\n<\/span><\/p>\n<figure id=\"attachment_5212\" aria-describedby=\"caption-attachment-5212\" style=\"width: 300px\" class=\"wp-caption alignright\"><a href=\"http:\/\/zuzanahabanova.com\/wp-content\/uploads\/2019\/08\/14-hotel-tarfa.jpg\" target=\"_blank\" rel=\"noopener noreferrer\"><img loading=\"lazy\" decoding=\"async\" class=\"wp-image-5212 size-medium\" src=\"http:\/\/zuzanahabanova.com\/wp-content\/uploads\/2019\/08\/14-hotel-tarfa-300x79.jpg\" alt=\"\" width=\"300\" height=\"79\" srcset=\"https:\/\/zuzanahabanova.com\/wp-content\/uploads\/2019\/08\/14-hotel-tarfa-300x79.jpg 300w, https:\/\/zuzanahabanova.com\/wp-content\/uploads\/2019\/08\/14-hotel-tarfa-768x201.jpg 768w, https:\/\/zuzanahabanova.com\/wp-content\/uploads\/2019\/08\/14-hotel-tarfa-644x169.jpg 644w, https:\/\/zuzanahabanova.com\/wp-content\/uploads\/2019\/08\/14-hotel-tarfa-600x157.jpg 600w, https:\/\/zuzanahabanova.com\/wp-content\/uploads\/2019\/08\/14-hotel-tarfa.jpg 1024w\" sizes=\"auto, (max-width: 300px) 100vw, 300px\" \/><\/a><figcaption id=\"caption-attachment-5212\" class=\"wp-caption-text\">Mes\u00f3n de Sancho &#8211; Tarifa<\/figcaption><\/figure>\n<ul style=\"list-style-type: square;\">\n<li><span style=\"font-size: 20px; font-family: arial, helvetica, sans-serif;\">Do Tarify lze doj\u00edt po frekventovan\u00e9 silnici E-5\/N-340, my ale chceme j\u00edt pod\u00e9l mo\u0159e. Z prvn\u00ed odbo\u010dky na turistickou stezku n\u00e1s vyhod\u00ed voj\u00e1ci, cel\u00e1 oblast je toti\u017e vojensk\u00e1 z\u00f3na. Mus\u00edme zp\u011bt 4 km do El Pelayo a zde odbo\u010dit na Sendero Colada de la Costa\/Camino de Santiago del Estrecho. Mus\u00edme sej\u00edt k pob\u0159e\u017e\u00ed (op\u011bt do vojensk\u00e9ho prostoru, tudy se ale m\u016f\u017ee), cesta okolo mo\u0159e je zprvu p\u0159\u00edjemn\u00e1, po \u010dase v\u0161ak nekone\u010dn\u00e1, nehostinn\u00e1 a velmi v\u011btrn\u00e1. Potk\u00e1v\u00e1me zn\u00e1m\u00e9 &#8211; sv\u011b\u017e\u00ed poutnici z N\u011bmecka a vy\u010derpan\u00e9 poutn\u00edky z Rakouska, kte\u0159\u00ed z\u0159ejm\u011b improvizuj\u00ed stejn\u011b jako my. A\u010d se to nezd\u00e1, \u00fasek je psychicky dosti n\u00e1ro\u010dn\u00fd. Do Tarify nep\u0159ich\u00e1z\u00edme po GR7 z kr\u00e1sn\u00fdch severn\u00edch pl\u00e1\u017e\u00ed, ale z drsn\u00e9ho jihu. Po cest\u011b nen\u00ed \u017e\u00e1dn\u00e1 vesnice, ani bar, prvn\u00ed ob\u010derstven\u00ed nach\u00e1z\u00edme a\u017e v Tarif\u011b (18 500 obyv.).<\/span><\/li>\n<li><span style=\"font-size: 20px; font-family: arial, helvetica, sans-serif;\"><strong>Na\u0161e ubytov\u00e1n\u00ed:<\/strong> p\u0159es booking.com p\u0159\u00edjemn\u00fd hotel&nbsp;<a href=\"https:\/\/www.booking.com\/hotel\/es\/tarik-tarifa.en-gb.html?aid=304142;label=gen173nr-1DCAEoggI46AdIM1gEaDqIAQGYAQm4ARfIAQ_YAQPoAQGIAgGoAgO4AtbhnO4FwAIB;sid=f982e161a1f8c521c3103ddd2044de9c\" target=\"_blank\" rel=\"noopener noreferrer\">Tarik<\/a> (50 \u20ac\/dvojl\u016f\u017ekov\u00fd pokoj).<\/span><\/li>\n<\/ul>\nngg_shortcode_12_placeholder\n<blockquote><p><em><span style=\"font-family: arial, helvetica, sans-serif; font-size: 48px;\">Kr\u00e1sa Andalusie se skr\u00fdv\u00e1 v jej\u00edm vnitrozem\u00ed.<\/span><\/em><\/p><\/blockquote>\n<p>&nbsp;<\/p>\n<p><span style=\"font-size: 24px; font-family: arial, helvetica, sans-serif;\"><strong>CO \u0158\u00cdCT Z\u00c1V\u011aREM<\/strong> <\/span><\/p>\n<figure id=\"attachment_5213\" aria-describedby=\"caption-attachment-5213\" style=\"width: 644px\" class=\"wp-caption alignnone\"><a href=\"http:\/\/zuzanahabanova.com\/wp-content\/uploads\/2019\/08\/18.jpg\" target=\"_blank\" rel=\"noopener noreferrer\"><img loading=\"lazy\" decoding=\"async\" class=\"wp-image-5213 size-large\" src=\"http:\/\/zuzanahabanova.com\/wp-content\/uploads\/2019\/08\/18-644x483.jpg\" alt=\"\" width=\"644\" height=\"483\" srcset=\"https:\/\/zuzanahabanova.com\/wp-content\/uploads\/2019\/08\/18-644x483.jpg 644w, https:\/\/zuzanahabanova.com\/wp-content\/uploads\/2019\/08\/18-300x225.jpg 300w, https:\/\/zuzanahabanova.com\/wp-content\/uploads\/2019\/08\/18-768x576.jpg 768w, https:\/\/zuzanahabanova.com\/wp-content\/uploads\/2019\/08\/18-600x450.jpg 600w, https:\/\/zuzanahabanova.com\/wp-content\/uploads\/2019\/08\/18.jpg 1280w\" sizes=\"auto, (max-width: 644px) 100vw, 644px\" \/><\/a><figcaption id=\"caption-attachment-5213\" class=\"wp-caption-text\">Jsme v c\u00edli!<\/figcaption><\/figure>\n<p><span style=\"font-size: 20px; font-family: arial, helvetica, sans-serif;\">Pl\u00e1n byl zakon\u010dit na\u0161e putov\u00e1n\u00ed u mo\u0159e. Tak\u00e9 jsme se domn\u00edvali, \u017ee cesta povede v\u00edce z kopce. Nen\u00ed to pravda. \u010c\u00edm d\u00e1le od mo\u0159e do vnitrozem\u00ed, t\u00edm je Andalusie n\u00e1dhern\u011bj\u0161\u00ed. Kupodivu nejkr\u00e1sn\u011bj\u0161\u00ed \u00fasek pro n\u00e1s byla obch\u016fzka p\u0159es Cortes de la Frontera a Gauc\u00edn. D\u00edky GR7 pochop\u00edte, \u017ee kr\u00e1sa Andalusie se skr\u00fdv\u00e1 v jej\u00edm vnitrozem\u00ed.<br \/>\n<\/span><\/p>\n<p><span style=\"font-size: 20px; font-family: arial, helvetica, sans-serif;\">Buon camino!<\/span><\/p>\n<a class=\"maxbutton-35 maxbutton maxbutton-gr7-uzitecne-rady\" target=\"_blank\" rel=\"noopener\" href=\"http:\/\/zuzanahabanova.com\/drsna-andaluska-gr7-cesty-okolni-i-uzitecne-informace\/\"><span class='mb-text'>GR7 U\u017dITE\u010cN\u00c9 INFORMACE<\/span><\/a>\n<p>&nbsp;<\/p>\n<p><span style=\"font-family: arial, helvetica, sans-serif; font-size: 20px;\">O cest\u011b existuje i skv\u011bl\u00fd dokument z cyklu P\u011b\u0161ky po Evop\u011b 2&nbsp;<a href=\"https:\/\/uloz.to\/file\/RAEAPLNkU\/pesky-po-evrope-2-2-krasy-andalusie-mp4\" target=\"_blank\" rel=\"noopener noreferrer\">Kr\u00e1sy Andalusie (2)<\/a> s Bradley Mayhew.<\/span><\/p>\n<p>&nbsp;<\/p>\n<div class=\"su-box su-box-style-glass\" id=\"\" style=\"border-color:#cc0000;border-radius:4px\"><div class=\"su-box-title\" style=\"background-color:#ff0000;color:#FFFFFF;border-top-left-radius:2px;border-top-right-radius:2px\">OFICI\u00c1LN\u00cd SEZNAM ETAP ANDALUSK\u00c9 GR7 Z TARIFY DO PUEBLA DE DON FADRIQUE<\/div><div class=\"su-box-content su-u-clearfix su-u-trim\" style=\"border-bottom-left-radius:2px;border-bottom-right-radius:2px\"><strong><span style=\"font-family: arial, helvetica, sans-serif; font-size: 20px;\">I. PROVINCIE C\u00c1DIZ A M\u00c1LAGA:<\/span><\/strong><\/p>\n<ol>\n<li><span style=\"font-family: arial, helvetica, sans-serif; font-size: 16px;\">Tarifa &#8211; Los Barrios 45 km (provincie <strong>C\u00c1DIZ), <\/strong>nen\u00ed mo\u017enost ubytov\u00e1n\u00ed<strong><br \/>\n<\/strong><\/span><\/li>\n<li><span style=\"font-family: arial, helvetica, sans-serif; font-size: 16px;\">Los Barrios &#8211; Castillo de Castellar 33 km<\/span><\/li>\n<li><span style=\"font-family: arial, helvetica, sans-serif; font-size: 16px;\">Castillo de Castellar &#8211; Jimena de la Frontera 20,5 km<\/span><\/li>\n<li><span style=\"font-family: arial, helvetica, sans-serif; font-size: 16px;\">Jimena de la Frontera &#8211; Ubrique 35 km, nen\u00ed mo\u017enost ubytov\u00e1n\u00ed<br \/>\n<\/span><\/li>\n<li><span style=\"font-family: arial, helvetica, sans-serif; font-size: 16px;\">Ubrique &#8211; Montejaque 28 km<\/span><\/li>\n<li><span style=\"font-family: arial, helvetica, sans-serif; font-size: 16px;\">Montejaque &#8211; Arriate 16,5 km (provincie <strong>M\u00c1LAGA<\/strong>)<\/span><\/li>\n<li><span style=\"font-family: arial, helvetica, sans-serif; font-size: 16px;\">Arriate &#8211; Ardales 32,7 km<\/span><\/li>\n<li><span style=\"font-family: arial, helvetica, sans-serif; font-size: 16px;\">Ardales &#8211; El Chorro 15,8 km<\/span><\/li>\n<li><span style=\"font-family: arial, helvetica, sans-serif; font-size: 16px;\">El Chorro &#8211; Valle de Abdalaj\u00eds 10 km<br \/>\n<\/span><\/li>\n<li><span style=\"font-family: arial, helvetica, sans-serif; font-size: 16px;\">Valle de Abdalaj\u00eds &#8211; Antequera 18,5 km<\/span><\/li>\n<li><span style=\"font-family: arial, helvetica, sans-serif; font-size: 16px;\">Antequera &#8211; Villanueva de Cauche 14,5 km<\/span><\/li>\n<\/ol>\n<p><strong><span style=\"font-family: arial, helvetica, sans-serif; font-size: 20px;\">ZDE SE GR7 ROZD\u011aLUJE NA SEVERN\u00cd A JI\u017dN\u00cd CESTU:<\/span><\/strong><\/p>\n<p><strong><span style=\"font-family: arial, helvetica, sans-serif; font-size: 20px;\">2a) SEVERN\u00cd CESTA &#8211; PROVINCIE M\u00c1LAGA, C\u00d3RDOBA A<span style=\"font-size: 16px;\"> JA\u00c9N<\/span><\/span><\/strong><\/p>\n<ol>\n<li><span style=\"font-family: arial, helvetica, sans-serif; font-size: 16px;\">Villanueva de Cauche -Villanueva del Trabuco 15,3 km<\/span><\/li>\n<li><span style=\"font-family: arial, helvetica, sans-serif; font-size: 16px;\">Villanueva del Trabuco &#8211; Villanueva de Tapia 30,6 km, nen\u00ed mo\u017enost ubytov\u00e1n\u00ed<\/span><\/li>\n<li><span style=\"font-family: arial, helvetica, sans-serif; font-size: 16px;\">Villanueva de Tapia &#8211; Villanueva de Algaidas 16,9 km<\/span><\/li>\n<li><span style=\"font-family: arial, helvetica, sans-serif; font-size: 16px;\">Villanueva de Algaidas &#8211; Cuevas de San Marcos 17 km<\/span><\/li>\n<li><span style=\"font-family: arial, helvetica, sans-serif; font-size: 16px;\">Cuevas de San Marcos &#8211; Rute 12,3 km<\/span><\/li>\n<li><span style=\"font-family: arial, helvetica, sans-serif; font-size: 16px;\">Rute &#8211; Priego de C\u00f3rdoba&nbsp; 23,2 km (provincie <strong>C\u00d3RDOBA)<\/strong>&nbsp;<\/span><\/li>\n<li><span style=\"font-family: arial, helvetica, sans-serif; font-size: 16px;\">Piego de C\u00f3rdoba &#8211; Almedinilla 10,4 km<\/span><\/li>\n<li><span style=\"font-family: arial, helvetica, sans-serif; font-size: 16px;\">Almedinilla &#8211; Alcal\u00e1 la Real 21,9 km<\/span><\/li>\n<li><span style=\"font-family: arial, helvetica, sans-serif; font-size: 16px;\">Alcal\u00e1 la Real &#8211; Frailes 9 km (provincie <strong>JA\u00c9N<\/strong>) &nbsp;&nbsp;&nbsp;<\/span><\/li>\n<li><span style=\"font-family: arial, helvetica, sans-serif; font-size: 16px;\">Frailes &#8211; Carchelejo 35,5 km, nen\u00ed mo\u017enost ubytov\u00e1n\u00ed<\/span><\/li>\n<li><span style=\"font-family: arial, helvetica, sans-serif; font-size: 16px;\">Carchelejo &#8211; Cambil 11,8 km &nbsp;&nbsp;&nbsp;<\/span><\/li>\n<li><span style=\"font-family: arial, helvetica, sans-serif; font-size: 16px;\">Cambil &#8211; Torres 26,7 km<\/span><\/li>\n<li><span style=\"font-family: arial, helvetica, sans-serif; font-size: 16px;\">Torres &#8211; Bedmar 15,3 km<\/span><\/li>\n<li><span style=\"font-family: arial, helvetica, sans-serif; font-size: 16px;\">Bedmar &#8211; J\u00f3dar 7,8 km<\/span><\/li>\n<li><span style=\"font-family: arial, helvetica, sans-serif; font-size: 16px;\">J\u00f3dar &#8211; Quesada 34,4 km, nen\u00ed mo\u017enost ubytov\u00e1n\u00ed<\/span><\/li>\n<li><span style=\"font-family: arial, helvetica, sans-serif; font-size: 16px;\">Quesada &#8211; Cazorla 17,4 km<\/span><\/li>\n<li><span style=\"font-family: arial, helvetica, sans-serif; font-size: 16px;\">Cazorla &#8211; Vadillo de Castril 15 km<\/span><\/li>\n<li><span style=\"font-family: arial, helvetica, sans-serif; font-size: 16px;\">Vadillo de Castril &#8211; Coto-R\u00edos 34,5 km<\/span><\/li>\n<li><span style=\"font-family: arial, helvetica, sans-serif; font-size: 16px;\">Coto-R\u00edos &#8211; Pontones 30,3 km<\/span><\/li>\n<li><span style=\"font-family: arial, helvetica, sans-serif; font-size: 16px;\">Pontones &#8211; Santiago de la Espada 13,5 km<\/span><\/li>\n<li><span style=\"font-family: arial, helvetica, sans-serif; font-size: 16px;\">Santiago de la Espada &#8211; Puebla de Don Fadrique 34,2 km<\/span><\/li>\n<\/ol>\n<p><strong><span style=\"font-family: arial, helvetica, sans-serif; font-size: 20px;\">2b) JI\u017dN\u00cd \u010c\u00c1ST: PROVINCIE M\u00c1LAGA A G<span style=\"font-size: 16px;\">RANADA<\/span><\/span><\/strong><\/p>\n<ol>\n<li><span style=\"font-family: arial, helvetica, sans-serif; font-size: 16px;\">Villanueva de Cauche &#8211; Riogordo 20,8 km<\/span><\/li>\n<li><span style=\"font-family: arial, helvetica, sans-serif; font-size: 16px;\">Riogordo &#8211; Ventas de Zafarraya 25,2 km<\/span><\/li>\n<li><span style=\"font-family: arial, helvetica, sans-serif; font-size: 16px;\">Ventas de Zafarraya &#8211; Alhama de Granada 19,5 km (provincie <strong>GRANADA<\/strong>)<\/span><\/li>\n<li><span style=\"font-family: arial, helvetica, sans-serif; font-size: 16px;\">Alhama de Granada &#8211; Arenas del Rey&nbsp; 22 km<\/span><\/li>\n<li><span style=\"font-family: arial, helvetica, sans-serif; font-size: 16px;\">Arenas del Rey &#8211; Jayena 16,6 km<\/span><\/li>\n<li><span style=\"font-family: arial, helvetica, sans-serif; font-size: 16px;\">Jayena &#8211; Albu\u0148uelas 31,1 km, nen\u00ed mo\u017enost ubytov\u00e1n\u00ed<\/span><\/li>\n<li><span style=\"font-family: arial, helvetica, sans-serif; font-size: 16px;\">Albu\u0148uelas &#8211; Nig\u00fcelas 15,1 km<\/span><\/li>\n<li><span style=\"font-family: arial, helvetica, sans-serif; font-size: 16px;\">Nig\u00fcelas &#8211; Lanjar\u00f3n 18,5 km<\/span><\/li>\n<li><span style=\"font-family: arial, helvetica, sans-serif; font-size: 16px;\">Lanjar\u00f3n &#8211; Soport\u00fajar 12,4 km<\/span><\/li>\n<li><span style=\"font-family: arial, helvetica, sans-serif; font-size: 16px;\">Soport\u00fajar &#8211; Pitres 11,9 km<\/span><\/li>\n<li><span style=\"font-family: arial, helvetica, sans-serif; font-size: 16px;\">Pitres &#8211; Trev\u00e9lez 15,2 km<\/span><\/li>\n<li><span style=\"font-family: arial, helvetica, sans-serif; font-size: 16px;\">Trev\u00e9lez &#8211; C\u00e1diar 18,7 km<\/span><\/li>\n<li><span style=\"font-family: arial, helvetica, sans-serif; font-size: 16px;\">C\u00e1diar &#8211; Yegen 16,5 km<\/span><\/li>\n<li><span style=\"font-family: arial, helvetica, sans-serif; font-size: 16px;\">Yegen &#8211; Laroles 17,2 km<\/span><\/li>\n<li><span style=\"font-family: arial, helvetica, sans-serif; font-size: 16px;\">Laroles &#8211; Puerto de la Ragua &#8211; 16 km<\/span><\/li>\n<li><span style=\"font-family: arial, helvetica, sans-serif; font-size: 16px;\">Puerto de la Ragua &#8211; La Calahorra 11,4 km<\/span><\/li>\n<li><span style=\"font-family: arial, helvetica, sans-serif; font-size: 16px;\">La Calahorra &#8211; Narv\u00e1ez 53,3 km, nen\u00ed mo\u017enost ubytov\u00e1n\u00ed<\/span><\/li>\n<li><span style=\"font-family: arial, helvetica, sans-serif; font-size: 16px;\">Narv\u00e1ez &#8211; Z\u00fajar 24 km<\/span><\/li>\n<li><span style=\"font-family: arial, helvetica, sans-serif; font-size: 16px;\">Z\u00fajar &#8211; Benamaurel 20,8 km<\/span><\/li>\n<li><span style=\"font-family: arial, helvetica, sans-serif; font-size: 16px;\">Benamaurel &#8211; C\u00fallar 13 km<\/span><\/li>\n<li><span style=\"font-family: arial, helvetica, sans-serif; font-size: 16px;\">C\u00fallar &#8211; Orce 24,2 km<\/span><\/li>\n<li><span style=\"font-family: arial, helvetica, sans-serif; font-size: 16px;\">Orce &#8211; Hu\u00e9scar&nbsp; 17,2 km<\/span><\/li>\n<li><span style=\"font-family: arial, helvetica, sans-serif; font-size: 20px;\"><span style=\"font-size: 16px;\">Hu\u00e9scar &#8211; Puebla de Don Fadrique 25 km<\/span><\/div><\/div><\/span><\/li>\n<\/ol>\n<p>&nbsp;<\/p>\n<a class=\"maxbutton-35 maxbutton maxbutton-gr7-uzitecne-rady\" target=\"_blank\" rel=\"noopener\" href=\"http:\/\/zuzanahabanova.com\/drsna-andaluska-gr7-cesty-okolni-i-uzitecne-informace\/\"><span class='mb-text'>GR7 U\u017dITE\u010cN\u00c9 INFORMACE<\/span><\/a>\n<a class=\"maxbutton-41 maxbutton maxbutton-andalusie-predchozi\" target=\"_blank\" rel=\"noopener\" href=\"https:\/\/zuzanahabanova.com\/about\/caminito-del-rey-andalusky-chodnik-smrti\/\"><span class='mb-text'>ANDALUSK\u00dd CHODN\u00cdK SMRTI<\/span><\/a>\n<a class=\"maxbutton-42 maxbutton maxbutton-andalusie-predchozi\" target=\"_blank\" rel=\"noopener\" href=\"http:\/\/zuzanahabanova.com\/mraziva-zima-ve-vyhrate-andalusii\/\"><span class='mb-text'>Granada a Costa del Sol (1.d\u00edl)<\/span><\/a>\n<a class=\"maxbutton-43 maxbutton maxbutton-andalusie-pokracovat\" target=\"_blank\" rel=\"noopener\" href=\"http:\/\/zuzanahabanova.com\/mraziva-zima-ve-vyhrate-andalusii-2-cast-gibraltar-sevilla-cordoba\/\"><span class='mb-text'>Gibraltar, Sevilla, Cordoba (2. d\u00edl)<\/span><\/a>\n<p>&nbsp;<\/p>\n<ul style=\"list-style-type: circle;\">\n<li><span style=\"font-family: verdana, geneva, sans-serif; font-size: 16px;\"><em><strong>Foto: <\/strong>Zuzana Hab\u00e1\u0148ov\u00e1, Ji\u0159\u00ed Hab\u00e1\u0148<\/em><\/span><\/li>\n<li><span style=\"font-family: verdana, geneva, sans-serif; font-size: 16px;\"><em><strong>Datum: <\/strong>duben 2019<\/em><\/span><\/li>\n<li><span style=\"font-family: verdana, geneva, sans-serif; font-size: 16px;\"><em><strong>\u00davodn\u00ed foto: <\/strong>Cestou z Ardales do Cuevas del Becerro<\/em><\/span><\/li>\n<\/ul>\n<p>&nbsp; &nbsp; &nbsp; &nbsp; &nbsp; &nbsp; &nbsp; &nbsp; &nbsp; &nbsp; &nbsp; &nbsp;<\/p>\n<p>&nbsp;<\/p>\n<div class=\"fcbkbttn_buttons_block\" id=\"fcbkbttn_left\"><div class=\"fcbkbttn_like \"><fb:like href=\"https:\/\/zuzanahabanova.com\/about\/drsna-andaluska-gr-7-etapy\/\" action=\"like\" colorscheme=\"light\" layout=\"standard\"  width=\"225px\" size=\"small\"><\/fb:like><\/div><div class=\"fb-share-button  \" data-href=\"https:\/\/zuzanahabanova.com\/about\/drsna-andaluska-gr-7-etapy\/\" data-type=\"button_count\" data-size=\"small\"><\/div><\/div>","protected":false},"excerpt":{"rendered":"<p>Rozpis etap GR7 z El Chorro do Tarify (a cesty okoln\u00ed). C\u00edlem je doj\u00edt k mo\u0159i, proto po GR7 putujeme opa\u010dn\u011b.&nbsp; Na konci \u010dl\u00e1nku uv\u00e1d\u00edm ofici\u00e1ln\u00ed seznam \u00fasek\u016f severn\u00ed i ji\u017en\u00ed andalusk\u00e9 GR7.<\/p>\n<div class=\"fcbkbttn_buttons_block\" id=\"fcbkbttn_left\"><div class=\"fcbkbttn_like \"><fb:like href=\"https:\/\/zuzanahabanova.com\/about\/drsna-andaluska-gr-7-etapy\/\" action=\"like\" colorscheme=\"light\" layout=\"standard\"  width=\"225px\" size=\"small\"><\/fb:like><\/div><div class=\"fb-share-button  \" data-href=\"https:\/\/zuzanahabanova.com\/about\/drsna-andaluska-gr-7-etapy\/\" data-type=\"button_count\" data-size=\"small\"><\/div><\/div>","protected":false},"author":1,"featured_media":5003,"comment_status":"open","ping_status":"open","sticky":false,"template":"","format":"standard","meta":{"_monsterinsights_skip_tracking":false,"_monsterinsights_sitenote_active":false,"_monsterinsights_sitenote_note":"","_monsterinsights_sitenote_category":0,"ngg_post_thumbnail":0,"footnotes":""},"categories":[16,18,52,104],"tags":[38,156,63,39],"class_list":["post-5002","post","type-post","status-publish","format-standard","has-post-thumbnail","hentry","category-cesta","category-evropa","category-poutni-cesty","category-s-p-a-n-e-l-s-k-o","tag-andalusie","tag-gr7","tag-poutni-cesty","tag-spanelsko"],"yoast_head":"<!-- This site is optimized with the Yoast SEO plugin v24.8.1 - https:\/\/yoast.com\/wordpress\/plugins\/seo\/ -->\n<title>DRSN\u00c1 ANDALUSK\u00c1 GR 7 - PODROBN\u00dd POPIS ETAP (2. \u010d\u00e1st) -<\/title>\n<meta name=\"description\" content=\"Etapy andalusk\u00e9 GR7 z El Chorro do Tarify.\u00a0 Na konci \u010dl\u00e1nku uv\u00e1d\u00edm ofici\u00e1ln\u00ed seznam etap severn\u00ed a ji\u017en\u00ed andalusk\u00e9 GR7.\" \/>\n<meta name=\"robots\" content=\"index, follow, max-snippet:-1, max-image-preview:large, max-video-preview:-1\" \/>\n<link rel=\"canonical\" href=\"https:\/\/zuzanahabanova.com\/about\/drsna-andaluska-gr-7-etapy\/\" \/>\n<meta property=\"og:locale\" content=\"cs_CZ\" \/>\n<meta property=\"og:type\" content=\"article\" \/>\n<meta property=\"og:title\" content=\"DRSN\u00c1 ANDALUSK\u00c1 GR 7 - PODROBN\u00dd POPIS ETAP (2. \u010d\u00e1st) -\" \/>\n<meta property=\"og:description\" content=\"Etapy andalusk\u00e9 GR7 z El Chorro do Tarify.\u00a0 Na konci \u010dl\u00e1nku uv\u00e1d\u00edm ofici\u00e1ln\u00ed seznam etap severn\u00ed a ji\u017en\u00ed andalusk\u00e9 GR7.\" \/>\n<meta property=\"og:url\" content=\"https:\/\/zuzanahabanova.com\/about\/drsna-andaluska-gr-7-etapy\/\" \/>\n<meta property=\"og:site_name\" content=\"ZUZANA HAB\u00c1\u0147OV\u00c1\" \/>\n<meta property=\"article:publisher\" content=\"https:\/\/www.facebook.com\/zuza.habanova\" \/>\n<meta property=\"article:author\" content=\"https:\/\/www.facebook.com\/zuza.habanova\" \/>\n<meta property=\"article:published_time\" content=\"2019-08-29T20:04:54+00:00\" \/>\n<meta property=\"article:modified_time\" content=\"2022-01-14T14:22:23+00:00\" \/>\n<meta property=\"og:image\" content=\"https:\/\/zuzanahabanova.com\/wp-content\/uploads\/2019\/08\/01A-644x329.jpg\" \/>\n\t<meta property=\"og:image:width\" content=\"644\" \/>\n\t<meta property=\"og:image:height\" content=\"329\" \/>\n\t<meta property=\"og:image:type\" content=\"image\/jpeg\" \/>\n<meta name=\"author\" content=\"zuzahabi\" \/>\n<meta name=\"twitter:card\" content=\"summary_large_image\" \/>\n<meta name=\"twitter:label1\" content=\"Napsal(a)\" \/>\n\t<meta name=\"twitter:data1\" content=\"zuzahabi\" \/>\n\t<meta name=\"twitter:label2\" content=\"Odhadovan\u00e1 doba \u010dten\u00ed\" \/>\n\t<meta name=\"twitter:data2\" content=\"15 minut\" \/>\n<script type=\"application\/ld+json\" class=\"yoast-schema-graph\">{\"@context\":\"https:\/\/schema.org\",\"@graph\":[{\"@type\":\"WebPage\",\"@id\":\"https:\/\/zuzanahabanova.com\/about\/drsna-andaluska-gr-7-etapy\/\",\"url\":\"https:\/\/zuzanahabanova.com\/about\/drsna-andaluska-gr-7-etapy\/\",\"name\":\"DRSN\u00c1 ANDALUSK\u00c1 GR 7 - PODROBN\u00dd POPIS ETAP (2. \u010d\u00e1st) -\",\"isPartOf\":{\"@id\":\"https:\/\/zuzanahabanova.com\/about\/#website\"},\"primaryImageOfPage\":{\"@id\":\"https:\/\/zuzanahabanova.com\/about\/drsna-andaluska-gr-7-etapy\/#primaryimage\"},\"image\":{\"@id\":\"https:\/\/zuzanahabanova.com\/about\/drsna-andaluska-gr-7-etapy\/#primaryimage\"},\"thumbnailUrl\":\"https:\/\/zuzanahabanova.com\/wp-content\/uploads\/2019\/08\/01A.jpg\",\"datePublished\":\"2019-08-29T20:04:54+00:00\",\"dateModified\":\"2022-01-14T14:22:23+00:00\",\"author\":{\"@id\":\"https:\/\/zuzanahabanova.com\/about\/#\/schema\/person\/db3143797759ee990bc23ee64376c13d\"},\"description\":\"Etapy andalusk\u00e9 GR7 z El Chorro do Tarify.\u00a0 Na konci \u010dl\u00e1nku uv\u00e1d\u00edm ofici\u00e1ln\u00ed seznam etap severn\u00ed a ji\u017en\u00ed andalusk\u00e9 GR7.\",\"breadcrumb\":{\"@id\":\"https:\/\/zuzanahabanova.com\/about\/drsna-andaluska-gr-7-etapy\/#breadcrumb\"},\"inLanguage\":\"cs\",\"potentialAction\":[{\"@type\":\"ReadAction\",\"target\":[\"https:\/\/zuzanahabanova.com\/about\/drsna-andaluska-gr-7-etapy\/\"]}]},{\"@type\":\"ImageObject\",\"inLanguage\":\"cs\",\"@id\":\"https:\/\/zuzanahabanova.com\/about\/drsna-andaluska-gr-7-etapy\/#primaryimage\",\"url\":\"https:\/\/zuzanahabanova.com\/wp-content\/uploads\/2019\/08\/01A.jpg\",\"contentUrl\":\"https:\/\/zuzanahabanova.com\/wp-content\/uploads\/2019\/08\/01A.jpg\",\"width\":2841,\"height\":1450},{\"@type\":\"BreadcrumbList\",\"@id\":\"https:\/\/zuzanahabanova.com\/about\/drsna-andaluska-gr-7-etapy\/#breadcrumb\",\"itemListElement\":[{\"@type\":\"ListItem\",\"position\":1,\"name\":\"Dom\u016f\",\"item\":\"https:\/\/zuzanahabanova.com\/about\/\"},{\"@type\":\"ListItem\",\"position\":2,\"name\":\"DRSN\u00c1 ANDALUSK\u00c1 GR 7 &#8211; PODROBN\u00dd POPIS ETAP (2. \u010d\u00e1st)\"}]},{\"@type\":\"WebSite\",\"@id\":\"https:\/\/zuzanahabanova.com\/about\/#website\",\"url\":\"https:\/\/zuzanahabanova.com\/about\/\",\"name\":\"ZUZANA HAB\u00c1\u0147OV\u00c1\",\"description\":\"Oslepla jsem. Vzala krosnu na z\u00e1da a vyrazila do sv\u011bta.\",\"potentialAction\":[{\"@type\":\"SearchAction\",\"target\":{\"@type\":\"EntryPoint\",\"urlTemplate\":\"https:\/\/zuzanahabanova.com\/about\/?s={search_term_string}\"},\"query-input\":{\"@type\":\"PropertyValueSpecification\",\"valueRequired\":true,\"valueName\":\"search_term_string\"}}],\"inLanguage\":\"cs\"},{\"@type\":\"Person\",\"@id\":\"https:\/\/zuzanahabanova.com\/about\/#\/schema\/person\/db3143797759ee990bc23ee64376c13d\",\"name\":\"zuzahabi\",\"image\":{\"@type\":\"ImageObject\",\"inLanguage\":\"cs\",\"@id\":\"https:\/\/zuzanahabanova.com\/about\/#\/schema\/person\/image\/\",\"url\":\"https:\/\/secure.gravatar.com\/avatar\/cba5fb0d364413e0bb3092ba43d50a88?s=96&d=mm&r=g\",\"contentUrl\":\"https:\/\/secure.gravatar.com\/avatar\/cba5fb0d364413e0bb3092ba43d50a88?s=96&d=mm&r=g\",\"caption\":\"zuzahabi\"},\"sameAs\":[\"https:\/\/www.facebook.com\/zuza.habanova\"],\"url\":\"https:\/\/zuzanahabanova.com\/about\/author\/admin\/\"}]}<\/script>\n<!-- \/ Yoast SEO plugin. -->","yoast_head_json":{"title":"DRSN\u00c1 ANDALUSK\u00c1 GR 7 - PODROBN\u00dd POPIS ETAP (2. \u010d\u00e1st) -","description":"Etapy andalusk\u00e9 GR7 z El Chorro do Tarify.\u00a0 Na konci \u010dl\u00e1nku uv\u00e1d\u00edm ofici\u00e1ln\u00ed seznam etap severn\u00ed a ji\u017en\u00ed andalusk\u00e9 GR7.","robots":{"index":"index","follow":"follow","max-snippet":"max-snippet:-1","max-image-preview":"max-image-preview:large","max-video-preview":"max-video-preview:-1"},"canonical":"https:\/\/zuzanahabanova.com\/about\/drsna-andaluska-gr-7-etapy\/","og_locale":"cs_CZ","og_type":"article","og_title":"DRSN\u00c1 ANDALUSK\u00c1 GR 7 - PODROBN\u00dd POPIS ETAP (2. \u010d\u00e1st) -","og_description":"Etapy andalusk\u00e9 GR7 z El Chorro do Tarify.\u00a0 Na konci \u010dl\u00e1nku uv\u00e1d\u00edm ofici\u00e1ln\u00ed seznam etap severn\u00ed a ji\u017en\u00ed andalusk\u00e9 GR7.","og_url":"https:\/\/zuzanahabanova.com\/about\/drsna-andaluska-gr-7-etapy\/","og_site_name":"ZUZANA HAB\u00c1\u0147OV\u00c1","article_publisher":"https:\/\/www.facebook.com\/zuza.habanova","article_author":"https:\/\/www.facebook.com\/zuza.habanova","article_published_time":"2019-08-29T20:04:54+00:00","article_modified_time":"2022-01-14T14:22:23+00:00","og_image":[{"width":644,"height":329,"url":"https:\/\/zuzanahabanova.com\/wp-content\/uploads\/2019\/08\/01A-644x329.jpg","type":"image\/jpeg"}],"author":"zuzahabi","twitter_card":"summary_large_image","twitter_misc":{"Napsal(a)":"zuzahabi","Odhadovan\u00e1 doba \u010dten\u00ed":"15 minut"},"schema":{"@context":"https:\/\/schema.org","@graph":[{"@type":"WebPage","@id":"https:\/\/zuzanahabanova.com\/about\/drsna-andaluska-gr-7-etapy\/","url":"https:\/\/zuzanahabanova.com\/about\/drsna-andaluska-gr-7-etapy\/","name":"DRSN\u00c1 ANDALUSK\u00c1 GR 7 - PODROBN\u00dd POPIS ETAP (2. \u010d\u00e1st) -","isPartOf":{"@id":"https:\/\/zuzanahabanova.com\/about\/#website"},"primaryImageOfPage":{"@id":"https:\/\/zuzanahabanova.com\/about\/drsna-andaluska-gr-7-etapy\/#primaryimage"},"image":{"@id":"https:\/\/zuzanahabanova.com\/about\/drsna-andaluska-gr-7-etapy\/#primaryimage"},"thumbnailUrl":"https:\/\/zuzanahabanova.com\/wp-content\/uploads\/2019\/08\/01A.jpg","datePublished":"2019-08-29T20:04:54+00:00","dateModified":"2022-01-14T14:22:23+00:00","author":{"@id":"https:\/\/zuzanahabanova.com\/about\/#\/schema\/person\/db3143797759ee990bc23ee64376c13d"},"description":"Etapy andalusk\u00e9 GR7 z El Chorro do Tarify.\u00a0 Na konci \u010dl\u00e1nku uv\u00e1d\u00edm ofici\u00e1ln\u00ed seznam etap severn\u00ed a ji\u017en\u00ed andalusk\u00e9 GR7.","breadcrumb":{"@id":"https:\/\/zuzanahabanova.com\/about\/drsna-andaluska-gr-7-etapy\/#breadcrumb"},"inLanguage":"cs","potentialAction":[{"@type":"ReadAction","target":["https:\/\/zuzanahabanova.com\/about\/drsna-andaluska-gr-7-etapy\/"]}]},{"@type":"ImageObject","inLanguage":"cs","@id":"https:\/\/zuzanahabanova.com\/about\/drsna-andaluska-gr-7-etapy\/#primaryimage","url":"https:\/\/zuzanahabanova.com\/wp-content\/uploads\/2019\/08\/01A.jpg","contentUrl":"https:\/\/zuzanahabanova.com\/wp-content\/uploads\/2019\/08\/01A.jpg","width":2841,"height":1450},{"@type":"BreadcrumbList","@id":"https:\/\/zuzanahabanova.com\/about\/drsna-andaluska-gr-7-etapy\/#breadcrumb","itemListElement":[{"@type":"ListItem","position":1,"name":"Dom\u016f","item":"https:\/\/zuzanahabanova.com\/about\/"},{"@type":"ListItem","position":2,"name":"DRSN\u00c1 ANDALUSK\u00c1 GR 7 &#8211; PODROBN\u00dd POPIS ETAP (2. \u010d\u00e1st)"}]},{"@type":"WebSite","@id":"https:\/\/zuzanahabanova.com\/about\/#website","url":"https:\/\/zuzanahabanova.com\/about\/","name":"ZUZANA HAB\u00c1\u0147OV\u00c1","description":"Oslepla jsem. Vzala krosnu na z\u00e1da a vyrazila do sv\u011bta.","potentialAction":[{"@type":"SearchAction","target":{"@type":"EntryPoint","urlTemplate":"https:\/\/zuzanahabanova.com\/about\/?s={search_term_string}"},"query-input":{"@type":"PropertyValueSpecification","valueRequired":true,"valueName":"search_term_string"}}],"inLanguage":"cs"},{"@type":"Person","@id":"https:\/\/zuzanahabanova.com\/about\/#\/schema\/person\/db3143797759ee990bc23ee64376c13d","name":"zuzahabi","image":{"@type":"ImageObject","inLanguage":"cs","@id":"https:\/\/zuzanahabanova.com\/about\/#\/schema\/person\/image\/","url":"https:\/\/secure.gravatar.com\/avatar\/cba5fb0d364413e0bb3092ba43d50a88?s=96&d=mm&r=g","contentUrl":"https:\/\/secure.gravatar.com\/avatar\/cba5fb0d364413e0bb3092ba43d50a88?s=96&d=mm&r=g","caption":"zuzahabi"},"sameAs":["https:\/\/www.facebook.com\/zuza.habanova"],"url":"https:\/\/zuzanahabanova.com\/about\/author\/admin\/"}]}},"_links":{"self":[{"href":"https:\/\/zuzanahabanova.com\/about\/wp-json\/wp\/v2\/posts\/5002","targetHints":{"allow":["GET"]}}],"collection":[{"href":"https:\/\/zuzanahabanova.com\/about\/wp-json\/wp\/v2\/posts"}],"about":[{"href":"https:\/\/zuzanahabanova.com\/about\/wp-json\/wp\/v2\/types\/post"}],"author":[{"embeddable":true,"href":"https:\/\/zuzanahabanova.com\/about\/wp-json\/wp\/v2\/users\/1"}],"replies":[{"embeddable":true,"href":"https:\/\/zuzanahabanova.com\/about\/wp-json\/wp\/v2\/comments?post=5002"}],"version-history":[{"count":52,"href":"https:\/\/zuzanahabanova.com\/about\/wp-json\/wp\/v2\/posts\/5002\/revisions"}],"predecessor-version":[{"id":8201,"href":"https:\/\/zuzanahabanova.com\/about\/wp-json\/wp\/v2\/posts\/5002\/revisions\/8201"}],"wp:featuredmedia":[{"embeddable":true,"href":"https:\/\/zuzanahabanova.com\/about\/wp-json\/wp\/v2\/media\/5003"}],"wp:attachment":[{"href":"https:\/\/zuzanahabanova.com\/about\/wp-json\/wp\/v2\/media?parent=5002"}],"wp:term":[{"taxonomy":"category","embeddable":true,"href":"https:\/\/zuzanahabanova.com\/about\/wp-json\/wp\/v2\/categories?post=5002"},{"taxonomy":"post_tag","embeddable":true,"href":"https:\/\/zuzanahabanova.com\/about\/wp-json\/wp\/v2\/tags?post=5002"}],"curies":[{"name":"wp","href":"https:\/\/api.w.org\/{rel}","templated":true}]}}